{"id":139217,"date":"2025-10-31T13:46:07","date_gmt":"2025-10-31T16:46:07","guid":{"rendered":"https:\/\/revistaesperanzas.com\/web\/?p=139217"},"modified":"2025-10-31T13:46:07","modified_gmt":"2025-10-31T16:46:07","slug":"31-de-octubre-dia-de-las-iglesias-evangelicas-salutacion-del-intendente-hormaechea","status":"publish","type":"post","link":"https:\/\/revistaesperanzas.com\/web\/2025\/10\/31-de-octubre-dia-de-las-iglesias-evangelicas-salutacion-del-intendente-hormaechea\/","title":{"rendered":"31 de octubre:  D\u00cdA DE LAS IGLESIAS EVANG\u00c9LICAS, SALUTACI\u00d3N DEL INTENDENTE HORMAECHEA"},"content":{"rendered":"<p style=\"font-weight: 400;\">El intendente de Goya, Mariano Hormaechea, acompa\u00f1a la celebraci\u00f3n por el D\u00eda de las Iglesias Evang\u00e9licas. El jefe comunal participa de esta importante efem\u00e9ride religiosa. En la ocasi\u00f3n, valor\u00f3 el rol social que cumplen en la comunidad local.<\/p>\n<p style=\"font-weight: 400;\">\u201cHoy celebramos la Fe viva que impulsa a servir y transformar realidades. Saludamos afectuosamente a las Iglesias Evang\u00e9licas de nuestra ciudad, reconociendo su valioso rol espiritual y social en nuestra comunidad\u201d.<\/p>\n<p style=\"font-weight: 400;\">En conmemoraci\u00f3n del D\u00eda de las Iglesias Evang\u00e9licas, establecido por la Ley Provincial N.\u00ba 6.616 y la Ley Nacional N.\u00ba 27.741.<\/p>\n","protected":false},"excerpt":{"rendered":"<p>El intendente de Goya, Mariano Hormaechea, acompa\u00f1a la celebraci\u00f3n por el D\u00eda de las Iglesias Evang\u00e9licas. El jefe comunal participa de esta importante efem\u00e9ride religiosa. En la ocasi\u00f3n, valor\u00f3 el rol social que cumplen en la comunidad local. \u201cHoy celebramos la Fe viva que impulsa a servir y transformar realidades. Saludamos afectuosamente a las Iglesias [&hellip;]<\/p>\n","protected":false},"author":4,"featured_media":139218,"comment_status":"closed","ping_status":"closed","sticky":false,"template":"","format":"standard","meta":{"footnotes":""},"categories":[45],"tags":[],"class_list":{"0":"post-139217","1":"post","2":"type-post","3":"status-publish","4":"format-standard","5":"has-post-thumbnail","7":"category-locales"},"_links":{"self":[{"href":"https:\/\/revistaesperanzas.com\/web\/wp-json\/wp\/v2\/posts\/139217","targetHints":{"allow":["GET"]}}],"collection":[{"href":"https:\/\/revistaesperanzas.com\/web\/wp-json\/wp\/v2\/posts"}],"about":[{"href":"https:\/\/revistaesperanzas.com\/web\/wp-json\/wp\/v2\/types\/post"}],"author":[{"embeddable":true,"href":"https:\/\/revistaesperanzas.com\/web\/wp-json\/wp\/v2\/users\/4"}],"replies":[{"embeddable":true,"href":"https:\/\/revistaesperanzas.com\/web\/wp-json\/wp\/v2\/comments?post=139217"}],"version-history":[{"count":0,"href":"https:\/\/revistaesperanzas.com\/web\/wp-json\/wp\/v2\/posts\/139217\/revisions"}],"wp:featuredmedia":[{"embeddable":true,"href":"https:\/\/revistaesperanzas.com\/web\/wp-json\/wp\/v2\/media\/139218"}],"wp:attachment":[{"href":"https:\/\/revistaesperanzas.com\/web\/wp-json\/wp\/v2\/media?parent=139217"}],"wp:term":[{"taxonomy":"category","embeddable":true,"href":"https:\/\/revistaesperanzas.com\/web\/wp-json\/wp\/v2\/categories?post=139217"},{"taxonomy":"post_tag","embeddable":true,"href":"https:\/\/revistaesperanzas.com\/web\/wp-json\/wp\/v2\/tags?post=139217"}],"curies":[{"name":"wp","href":"https:\/\/api.w.org\/{rel}","templated":true}]}}