{"id":139281,"date":"2025-11-03T21:42:13","date_gmt":"2025-11-04T00:42:13","guid":{"rendered":"https:\/\/revistaesperanzas.com\/web\/?p=139281"},"modified":"2025-11-03T21:42:13","modified_gmt":"2025-11-04T00:42:13","slug":"excelente-perfomance-de-la-escuela-municipal-de-danzas-nativas-el-trovador","status":"publish","type":"post","link":"https:\/\/revistaesperanzas.com\/web\/2025\/11\/excelente-perfomance-de-la-escuela-municipal-de-danzas-nativas-el-trovador\/","title":{"rendered":"EXCELENTE PERFOMANCE DE LA ESCUELA MUNICIPAL DE DANZAS NATIVAS \u201cEL TROVADOR\u201d"},"content":{"rendered":"<p style=\"font-weight: 400;\">El grupo juvenil del \u201cTrovador\u201d pas\u00f3 a la final a la Sede Corrientes para lograr un lugar en la Fiesta Nacional del Chamam\u00e9 y subcampeones provinciales en el Pre Laborde para el Festival Nacional de Malambo que se realizar\u00e1\u00a0 en esa ciudad cordobesa.<\/p>\n<p style=\"font-weight: 400;\">La Escuela Municipal de Danzas Nativas en Gobernador Mart\u00ednez con el grupo de bailarines de la Categor\u00eda juveniles, obtuvo el primer premio en conjunto tradicional de danzas, conjunto estilizado de danzas y pareja estilizada y pasaron a la gran final de la Sede en Corrientes para buscar un lugar en la fiesta del chamam\u00e9<\/p>\n<p style=\"font-weight: 400;\">En Santa Luc\u00eda este mismo grupo logr\u00f3 la clasificaci\u00f3n como subcampeones provinciales en conjunto tradicional en el pre Laborde para el festival nacional del Malambo, a realizarse en esa ciudad de la provincia de C\u00f3rdoba.<\/p>\n<p style=\"font-weight: 400;\">El Director Profesor Eliseo Fleitas, agradeci\u00f3 a \u201ctodos por el aguante, invito a seguir apostando por nuestra cultura y apoyando a nuestra instituci\u00f3n&#8230;\u201d<\/p>\n","protected":false},"excerpt":{"rendered":"<p>El grupo juvenil del \u201cTrovador\u201d pas\u00f3 a la final a la Sede Corrientes para lograr un lugar en la Fiesta Nacional del Chamam\u00e9 y subcampeones provinciales en el Pre Laborde para el Festival Nacional de Malambo que se realizar\u00e1\u00a0 en esa ciudad cordobesa. La Escuela Municipal de Danzas Nativas en Gobernador Mart\u00ednez con el grupo [&hellip;]<\/p>\n","protected":false},"author":4,"featured_media":139282,"comment_status":"closed","ping_status":"closed","sticky":false,"template":"","format":"standard","meta":{"footnotes":""},"categories":[45],"tags":[],"class_list":{"0":"post-139281","1":"post","2":"type-post","3":"status-publish","4":"format-standard","5":"has-post-thumbnail","7":"category-locales"},"_links":{"self":[{"href":"https:\/\/revistaesperanzas.com\/web\/wp-json\/wp\/v2\/posts\/139281","targetHints":{"allow":["GET"]}}],"collection":[{"href":"https:\/\/revistaesperanzas.com\/web\/wp-json\/wp\/v2\/posts"}],"about":[{"href":"https:\/\/revistaesperanzas.com\/web\/wp-json\/wp\/v2\/types\/post"}],"author":[{"embeddable":true,"href":"https:\/\/revistaesperanzas.com\/web\/wp-json\/wp\/v2\/users\/4"}],"replies":[{"embeddable":true,"href":"https:\/\/revistaesperanzas.com\/web\/wp-json\/wp\/v2\/comments?post=139281"}],"version-history":[{"count":0,"href":"https:\/\/revistaesperanzas.com\/web\/wp-json\/wp\/v2\/posts\/139281\/revisions"}],"wp:featuredmedia":[{"embeddable":true,"href":"https:\/\/revistaesperanzas.com\/web\/wp-json\/wp\/v2\/media\/139282"}],"wp:attachment":[{"href":"https:\/\/revistaesperanzas.com\/web\/wp-json\/wp\/v2\/media?parent=139281"}],"wp:term":[{"taxonomy":"category","embeddable":true,"href":"https:\/\/revistaesperanzas.com\/web\/wp-json\/wp\/v2\/categories?post=139281"},{"taxonomy":"post_tag","embeddable":true,"href":"https:\/\/revistaesperanzas.com\/web\/wp-json\/wp\/v2\/tags?post=139281"}],"curies":[{"name":"wp","href":"https:\/\/api.w.org\/{rel}","templated":true}]}}