{"id":139289,"date":"2025-11-03T21:49:03","date_gmt":"2025-11-04T00:49:03","guid":{"rendered":"https:\/\/revistaesperanzas.com\/web\/?p=139289"},"modified":"2025-11-03T21:49:03","modified_gmt":"2025-11-04T00:49:03","slug":"policia-desbarato-desarmadero-de-motos","status":"publish","type":"post","link":"https:\/\/revistaesperanzas.com\/web\/2025\/11\/policia-desbarato-desarmadero-de-motos\/","title":{"rendered":"POLIC\u00cdA DESBARAT\u00d3 DESARMADERO DE MOTOS"},"content":{"rendered":"<p style=\"font-weight: 400;\"><a href=\"https:\/\/revistaesperanzas.com\/web\/2025\/11\/policia-desbarato-desarmadero-de-motos\/accionar-de-la-policia-3\/\" rel=\"attachment wp-att-139291\"><img loading=\"lazy\" decoding=\"async\" class=\"wp-image-139291 alignleft\" src=\"https:\/\/revistaesperanzas.com\/web\/wp-content\/uploads\/2025\/11\/accionar-de-la-policia-3.jpg\" alt=\"\" width=\"286\" height=\"508\" srcset=\"https:\/\/revistaesperanzas.com\/web\/wp-content\/uploads\/2025\/11\/accionar-de-la-policia-3.jpg 720w, https:\/\/revistaesperanzas.com\/web\/wp-content\/uploads\/2025\/11\/accionar-de-la-policia-3-236x420.jpg 236w, https:\/\/revistaesperanzas.com\/web\/wp-content\/uploads\/2025\/11\/accionar-de-la-policia-3-696x1237.jpg 696w\" sizes=\"auto, (max-width: 286px) 100vw, 286px\" \/><\/a>Efectivos de la Comisar\u00eda 1ra con colaboraci\u00f3n de la Comisar\u00eda 5ta de Goya, desbarataron en la tarde del domingo un desarmadero clandestino de motos, en el Barrio Matadero.<\/p>\n<p style=\"font-weight: 400;\">El hecho se dio durante la investigaci\u00f3n del robo de una moto Honda Wave, ocurrido en el centro de la ciudad, d\u00f3nde una mujer denunci\u00f3 que le sustrajeron su moto durante la madrugada del domingo.<a href=\"https:\/\/revistaesperanzas.com\/web\/?attachment_id=\" rel=\"attachment wp-att-139292\"><img loading=\"lazy\" decoding=\"async\" class=\" wp-image-139292 alignright\" src=\"https:\/\/revistaesperanzas.com\/web\/wp-content\/uploads\/2025\/11\/accionar-de-la-policia-2.jpg\" alt=\"\" width=\"353\" height=\"314\" \/><\/a><\/p>\n<p style=\"font-weight: 400;\">Con la denuncia hecha, los uniformados comenzaron con la investigaci\u00f3n y obtuvieron informaci\u00f3n de inteligencia, que la motocicleta estar\u00eda en un lugar del Barrio Matadero, que funcionaba como desarmadero.<\/p>\n<p style=\"font-weight: 400;\">Supuestamente, los delincuentes la estaban &#8220;enfriando&#8221; para poder venderla.<a href=\"https:\/\/revistaesperanzas.com\/web\/2025\/11\/policia-desbarato-desarmadero-de-motos\/accionar-de-la-policia-4\/\" rel=\"attachment wp-att-139294\"><img loading=\"lazy\" decoding=\"async\" class=\" wp-image-139294 alignleft\" src=\"https:\/\/revistaesperanzas.com\/web\/wp-content\/uploads\/2025\/11\/accionar-de-la-policia-4.jpg\" alt=\"\" width=\"500\" height=\"489\" srcset=\"https:\/\/revistaesperanzas.com\/web\/wp-content\/uploads\/2025\/11\/accionar-de-la-policia-4.jpg 718w, https:\/\/revistaesperanzas.com\/web\/wp-content\/uploads\/2025\/11\/accionar-de-la-policia-4-430x420.jpg 430w, https:\/\/revistaesperanzas.com\/web\/wp-content\/uploads\/2025\/11\/accionar-de-la-policia-4-696x680.jpg 696w\" sizes=\"auto, (max-width: 500px) 100vw, 500px\" \/><\/a><\/p>\n<p style=\"font-weight: 400;\">Es as\u00ed que, con colaboraci\u00f3n de la Cr\u00eda de la jurisdicci\u00f3n, procedieron al secuestro no solamente de la moto sustra\u00edda, que ya ten\u00eda algunos pl\u00e1sticos cambiados, sino tambi\u00e9n varias partes de otras motos, por lo que se est\u00e1 investigando a qu\u00e9 rodado pertenecen.<\/p>\n<p style=\"font-weight: 400;\">En tanto los vecinos del lugar dijeron que esa casilla donde funcionaba el desarmadero se encuentra deshabitada, aunque los supuestos due\u00f1os ya est\u00e1n identificados y no se descarta su aprehensi\u00f3n en las pr\u00f3ximas horas.<\/p>\n<p style=\"font-weight: 400;\">En tanto que la moto Honda ya fue reconocida por la denunciante y ser\u00e1 entregada a la misma, las dem\u00e1s partes ser\u00e1n sometidas a pericias para determinar su procedencia.<\/p>\n","protected":false},"excerpt":{"rendered":"<p>Efectivos de la Comisar\u00eda 1ra con colaboraci\u00f3n de la Comisar\u00eda 5ta de Goya, desbarataron en la tarde del domingo un desarmadero clandestino de motos, en el Barrio Matadero. El hecho se dio durante la investigaci\u00f3n del robo de una moto Honda Wave, ocurrido en el centro de la ciudad, d\u00f3nde una mujer denunci\u00f3 que le [&hellip;]<\/p>\n","protected":false},"author":4,"featured_media":139290,"comment_status":"closed","ping_status":"closed","sticky":false,"template":"","format":"standard","meta":{"footnotes":""},"categories":[45],"tags":[],"class_list":{"0":"post-139289","1":"post","2":"type-post","3":"status-publish","4":"format-standard","5":"has-post-thumbnail","7":"category-locales"},"_links":{"self":[{"href":"https:\/\/revistaesperanzas.com\/web\/wp-json\/wp\/v2\/posts\/139289","targetHints":{"allow":["GET"]}}],"collection":[{"href":"https:\/\/revistaesperanzas.com\/web\/wp-json\/wp\/v2\/posts"}],"about":[{"href":"https:\/\/revistaesperanzas.com\/web\/wp-json\/wp\/v2\/types\/post"}],"author":[{"embeddable":true,"href":"https:\/\/revistaesperanzas.com\/web\/wp-json\/wp\/v2\/users\/4"}],"replies":[{"embeddable":true,"href":"https:\/\/revistaesperanzas.com\/web\/wp-json\/wp\/v2\/comments?post=139289"}],"version-history":[{"count":0,"href":"https:\/\/revistaesperanzas.com\/web\/wp-json\/wp\/v2\/posts\/139289\/revisions"}],"wp:featuredmedia":[{"embeddable":true,"href":"https:\/\/revistaesperanzas.com\/web\/wp-json\/wp\/v2\/media\/139290"}],"wp:attachment":[{"href":"https:\/\/revistaesperanzas.com\/web\/wp-json\/wp\/v2\/media?parent=139289"}],"wp:term":[{"taxonomy":"category","embeddable":true,"href":"https:\/\/revistaesperanzas.com\/web\/wp-json\/wp\/v2\/categories?post=139289"},{"taxonomy":"post_tag","embeddable":true,"href":"https:\/\/revistaesperanzas.com\/web\/wp-json\/wp\/v2\/tags?post=139289"}],"curies":[{"name":"wp","href":"https:\/\/api.w.org\/{rel}","templated":true}]}}