{"id":139304,"date":"2025-11-03T22:03:52","date_gmt":"2025-11-04T01:03:52","guid":{"rendered":"https:\/\/revistaesperanzas.com\/web\/?p=139304"},"modified":"2025-11-03T22:03:52","modified_gmt":"2025-11-04T01:03:52","slug":"corrientes-fue-destacada-en-tres-de-cuatro-proyectos-del-eje-cientifico-en-salta","status":"publish","type":"post","link":"https:\/\/revistaesperanzas.com\/web\/2025\/11\/corrientes-fue-destacada-en-tres-de-cuatro-proyectos-del-eje-cientifico-en-salta\/","title":{"rendered":"CORRIENTES FUE DESTACADA EN TRES DE CUATRO PROYECTOS DEL EJE CIENT\u00cdFICO EN SALTA"},"content":{"rendered":"<p style=\"font-weight: 400;\">Feria de Ciencia y Tecnolog\u00eda Nacional<\/p>\n<p style=\"font-weight: 400;\">Finaliz\u00f3 ayer la Tercera Fase de la Feria de Ciencia y Tecnolog\u00eda, Eje Ciencias.<a href=\"https:\/\/revistaesperanzas.com\/web\/2025\/11\/corrientes-fue-destacada-en-tres-de-cuatro-proyectos-del-eje-cientifico-en-salta\/feria-de-ciencias-12\/\" rel=\"attachment wp-att-139307\"><img loading=\"lazy\" decoding=\"async\" class=\" wp-image-139307 alignleft\" src=\"https:\/\/revistaesperanzas.com\/web\/wp-content\/uploads\/2025\/11\/feria-de-ciencias-12.jpeg\" alt=\"\" width=\"451\" height=\"308\" srcset=\"https:\/\/revistaesperanzas.com\/web\/wp-content\/uploads\/2025\/11\/feria-de-ciencias-12.jpeg 600w, https:\/\/revistaesperanzas.com\/web\/wp-content\/uploads\/2025\/11\/feria-de-ciencias-12-218x150.jpeg 218w\" sizes=\"auto, (max-width: 451px) 100vw, 451px\" \/><\/a><\/p>\n<p style=\"font-weight: 400;\">Esta instancia tuvo lugar en el Centro de Convenciones de Cafayate, provincia de Salta.<\/p>\n<p style=\"font-weight: 400;\">Del 28 hasta el 30 de octubre estudiantes de todo el pa\u00eds expusieron sus proyectos de Ciencias, en el que cada provincia particip\u00f3 con cuatro trabajos ordinarios y uno tem\u00e1tico.<\/p>\n<p style=\"font-weight: 400;\"><a href=\"https:\/\/revistaesperanzas.com\/web\/2025\/11\/corrientes-fue-destacada-en-tres-de-cuatro-proyectos-del-eje-cientifico-en-salta\/feria-de-ciencias-1\/\" rel=\"attachment wp-att-139308\"><img loading=\"lazy\" decoding=\"async\" class=\" wp-image-139308 alignright\" src=\"https:\/\/revistaesperanzas.com\/web\/wp-content\/uploads\/2025\/11\/feria-de-ciencias-1.jpeg\" alt=\"\" width=\"450\" height=\"368\" srcset=\"https:\/\/revistaesperanzas.com\/web\/wp-content\/uploads\/2025\/11\/feria-de-ciencias-1.jpeg 600w, https:\/\/revistaesperanzas.com\/web\/wp-content\/uploads\/2025\/11\/feria-de-ciencias-1-513x420.jpeg 513w\" sizes=\"auto, (max-width: 450px) 100vw, 450px\" \/><\/a>En estas Ferias, el proyecto es elaborado por la totalidad de los estudiantes de cada grado, curso o divisi\u00f3n, pero en las instancias de exposici\u00f3n, cada trabajo es defendido por un equipo expositor que se compone de dos o tres estudiantes y uno o dos docentes orientadores, seg\u00fan el nivel y la modalidad educativa.<\/p>\n<p style=\"font-weight: 400;\">Corrientes logr\u00f3 obtener nuevamente varios reconocimientos y distinciones que ponen a la jurisdicci\u00f3n una vez m\u00e1s como una de las provincias destacadas en este programa educativo de relevancia nacional e internacional.<a href=\"https:\/\/revistaesperanzas.com\/web\/2025\/11\/corrientes-fue-destacada-en-tres-de-cuatro-proyectos-del-eje-cientifico-en-salta\/feria-1-2\/\" rel=\"attachment wp-att-139309\"><img loading=\"lazy\" decoding=\"async\" class=\" wp-image-139309 alignleft\" src=\"https:\/\/revistaesperanzas.com\/web\/wp-content\/uploads\/2025\/11\/feria-1.jpg\" alt=\"\" width=\"451\" height=\"308\" srcset=\"https:\/\/revistaesperanzas.com\/web\/wp-content\/uploads\/2025\/11\/feria-1.jpg 600w, https:\/\/revistaesperanzas.com\/web\/wp-content\/uploads\/2025\/11\/feria-1-218x150.jpg 218w\" sizes=\"auto, (max-width: 451px) 100vw, 451px\" \/><\/a><\/p>\n<p style=\"font-weight: 400;\">En esta oportunidad los trabajos destacados fueron los siguientes:<\/p>\n<p style=\"font-weight: 400;\">De Nivel Inicial \u201cReserva Santa Catalina y el mono Caray\u00e1\u201d, del EJI N\u00ba 54 del barrio Santa Catalina la ciudad de Corrientes.<\/p>\n<p style=\"font-weight: 400;\">De Nivel Primario \u201cLas abejas, nuestras amigas\u201d de la Escuela Primaria N\u00ba 417 Alejo Camilo L\u00f3pez, de la localidad de Garruchos.<\/p>\n<p style=\"font-weight: 400;\"><a href=\"https:\/\/revistaesperanzas.com\/web\/2025\/11\/corrientes-fue-destacada-en-tres-de-cuatro-proyectos-del-eje-cientifico-en-salta\/feria-de-ciencias-7\/\" rel=\"attachment wp-att-139310\"><img loading=\"lazy\" decoding=\"async\" class=\" wp-image-139310 alignright\" src=\"https:\/\/revistaesperanzas.com\/web\/wp-content\/uploads\/2025\/11\/feria-de-ciencias-7.jpeg\" alt=\"\" width=\"452\" height=\"337\" srcset=\"https:\/\/revistaesperanzas.com\/web\/wp-content\/uploads\/2025\/11\/feria-de-ciencias-7.jpeg 599w, https:\/\/revistaesperanzas.com\/web\/wp-content\/uploads\/2025\/11\/feria-de-ciencias-7-563x420.jpeg 563w, https:\/\/revistaesperanzas.com\/web\/wp-content\/uploads\/2025\/11\/feria-de-ciencias-7-80x60.jpeg 80w, https:\/\/revistaesperanzas.com\/web\/wp-content\/uploads\/2025\/11\/feria-de-ciencias-7-485x360.jpeg 485w, https:\/\/revistaesperanzas.com\/web\/wp-content\/uploads\/2025\/11\/feria-de-ciencias-7-265x198.jpeg 265w\" sizes=\"auto, (max-width: 452px) 100vw, 452px\" \/><\/a>De Nivel Secundario, por la Modalidad EPJA, recibi\u00f3 no una, sino dos Distinciones el proyecto denominado \u201cTatuajes carcelarios, s\u00edmbolo de paz\u201d, de la UP N\u00ba 6 de San Cayetano. Estas distinciones fueron extendidas por la Comisi\u00f3n Nacional de Evaluaci\u00f3n con el acompa\u00f1amiento de la Fundaci\u00f3n YPF.<\/p>\n<p style=\"font-weight: 400;\">Destacado en el Desaf\u00edo Educativo<\/p>\n<p style=\"font-weight: 400;\">Adem\u00e1s de la presentaci\u00f3n de proyectos de Ferias tambi\u00e9n se lleva a cabo desde el a\u00f1o pasado un Desaf\u00edo Educativo en cada Fase, y en esta oportunidad el estudiante que represent\u00f3 a la provincia de Corrientes, Juli\u00e1n Quispe, de la Escuela Primaria N\u00ba 16 Pedro<a href=\"https:\/\/revistaesperanzas.com\/web\/2025\/11\/corrientes-fue-destacada-en-tres-de-cuatro-proyectos-del-eje-cientifico-en-salta\/feria-de-ciencias-5\/\" rel=\"attachment wp-att-139311\"><img loading=\"lazy\" decoding=\"async\" class=\" wp-image-139311 alignleft\" src=\"https:\/\/revistaesperanzas.com\/web\/wp-content\/uploads\/2025\/11\/feria-de-ciencias-5.jpeg\" alt=\"\" width=\"410\" height=\"320\" srcset=\"https:\/\/revistaesperanzas.com\/web\/wp-content\/uploads\/2025\/11\/feria-de-ciencias-5.jpeg 599w, https:\/\/revistaesperanzas.com\/web\/wp-content\/uploads\/2025\/11\/feria-de-ciencias-5-539x420.jpeg 539w\" sizes=\"auto, (max-width: 410px) 100vw, 410px\" \/><\/a> Ferr\u00e9 de Bella Vista, tambi\u00e9n recibi\u00f3 la distinci\u00f3n nacional junto a la docente asesora Evangelina Dolores Meza.<\/p>\n<p style=\"font-weight: 400;\">Tres finalistas en Desaf\u00edos Creativos<\/p>\n<p style=\"font-weight: 400;\">Este a\u00f1o, acompa\u00f1ando al Programa Nacional de Alfabetizaci\u00f3n, la organizaci\u00f3n nacional de Feria de Ciencia y Tecnolog\u00eda incluy\u00f3 tambi\u00e9n el Programa DESAF\u00cdOS CREATIVOS, Certamen Nacional de creaci\u00f3n Art\u00edstica\/Literaria, que consisten en producci\u00f3n literarias realizadas por estudiantes de todo el pa\u00eds.<\/p>\n<p style=\"font-weight: 400;\">En esta primera edici\u00f3n, si bien no se dio a conocer la cantidad de trabajos presentados, la organizaci\u00f3n habl\u00f3 de \u201cmillares\u201d de producciones literarias presentadas.<a href=\"https:\/\/revistaesperanzas.com\/web\/2025\/11\/corrientes-fue-destacada-en-tres-de-cuatro-proyectos-del-eje-cientifico-en-salta\/feria-de-ciencias-6\/\" rel=\"attachment wp-att-139312\"><img loading=\"lazy\" decoding=\"async\" class=\" wp-image-139312 alignright\" src=\"https:\/\/revistaesperanzas.com\/web\/wp-content\/uploads\/2025\/11\/feria-de-ciencias-6.jpeg\" alt=\"\" width=\"450\" height=\"281\" \/><\/a><\/p>\n<p style=\"font-weight: 400;\">Fueron cuatro cert\u00e1menes los realizados en estos Desaf\u00edos, de los cuales se seleccionaron los cinco mejores en cada rubro que pasaron a ser finalistas, y Corrientes logr\u00f3 consagrar a 3 finalistas:<\/p>\n<p style=\"font-weight: 400;\">En el \u201cDesaf\u00edo de Poes\u00eda\u201d (Nivel Secundario), en el \u201cDesaf\u00edo de Creaci\u00f3n de Historietas\u201d (Nivel Primario) y en el \u201cDesaf\u00edo de Producci\u00f3n de objetos con IA junto con la creaci\u00f3n de una historia sobre el mismo\u201d (Nivel Secundario).<a href=\"https:\/\/revistaesperanzas.com\/web\/2025\/11\/corrientes-fue-destacada-en-tres-de-cuatro-proyectos-del-eje-cientifico-en-salta\/feria-de-ciencias-9\/\" rel=\"attachment wp-att-139313\"><img loading=\"lazy\" decoding=\"async\" class=\" wp-image-139313 alignleft\" src=\"https:\/\/revistaesperanzas.com\/web\/wp-content\/uploads\/2025\/11\/feria-de-ciencias-9.jpeg\" alt=\"\" width=\"450\" height=\"315\" srcset=\"https:\/\/revistaesperanzas.com\/web\/wp-content\/uploads\/2025\/11\/feria-de-ciencias-9.jpeg 598w, https:\/\/revistaesperanzas.com\/web\/wp-content\/uploads\/2025\/11\/feria-de-ciencias-9-100x70.jpeg 100w\" sizes=\"auto, (max-width: 450px) 100vw, 450px\" \/><\/a><\/p>\n<p style=\"font-weight: 400;\">Los tres finalistas correntinos estar\u00e1n presentes en la Fase Final de Feria de Ciencia y Tecnolog\u00eda a realizarse del 18 al 20 de noviembre en la ciudad de Buenos Aires.<\/p>\n<p style=\"font-weight: 400;\">CORRIENTES ENTREG\u00d3 DISTINCIONES A TRABAJOS DE EDUCACI\u00d3N AMBIENTAL<\/p>\n<p style=\"font-weight: 400;\">Por tercera vez consecutiva Corrientes hizo entrega de Distinciones Especiales a 4 proyectos que se destacaron en el tratamiento del cuidado del ambiente.<a href=\"https:\/\/revistaesperanzas.com\/web\/2025\/11\/corrientes-fue-destacada-en-tres-de-cuatro-proyectos-del-eje-cientifico-en-salta\/feria-de-ciencias-11\/\" rel=\"attachment wp-att-139314\"><img loading=\"lazy\" decoding=\"async\" class=\" wp-image-139314 alignright\" src=\"https:\/\/revistaesperanzas.com\/web\/wp-content\/uploads\/2025\/11\/feria-de-ciencias-11.jpeg\" alt=\"\" width=\"451\" height=\"336\" srcset=\"https:\/\/revistaesperanzas.com\/web\/wp-content\/uploads\/2025\/11\/feria-de-ciencias-11.jpeg 599w, https:\/\/revistaesperanzas.com\/web\/wp-content\/uploads\/2025\/11\/feria-de-ciencias-11-564x420.jpeg 564w, https:\/\/revistaesperanzas.com\/web\/wp-content\/uploads\/2025\/11\/feria-de-ciencias-11-80x60.jpeg 80w, https:\/\/revistaesperanzas.com\/web\/wp-content\/uploads\/2025\/11\/feria-de-ciencias-11-485x360.jpeg 485w, https:\/\/revistaesperanzas.com\/web\/wp-content\/uploads\/2025\/11\/feria-de-ciencias-11-265x198.jpeg 265w\" sizes=\"auto, (max-width: 451px) 100vw, 451px\" \/><\/a><\/p>\n<p style=\"font-weight: 400;\">Cada uno de estos Reconocimientos consisti\u00f3 en la entrega de un Diploma para el equipo y ocho publicaciones producidas por el Ministerio de Educaci\u00f3n, a trav\u00e9s de la Direcci\u00f3n de Planeamiento e Investigaci\u00f3n Educativa,<\/p>\n<p style=\"font-weight: 400;\">Las provincias distinguidas por este ministerio fueron La Rioja, C\u00f3rdoba, Jujuy y C.A.B.A.<\/p>\n","protected":false},"excerpt":{"rendered":"<p>Feria de Ciencia y Tecnolog\u00eda Nacional Finaliz\u00f3 ayer la Tercera Fase de la Feria de Ciencia y Tecnolog\u00eda, Eje Ciencias. Esta instancia tuvo lugar en el Centro de Convenciones de Cafayate, provincia de Salta. Del 28 hasta el 30 de octubre estudiantes de todo el pa\u00eds expusieron sus proyectos de Ciencias, en el que cada [&hellip;]<\/p>\n","protected":false},"author":4,"featured_media":139306,"comment_status":"closed","ping_status":"closed","sticky":false,"template":"","format":"standard","meta":{"footnotes":""},"categories":[45],"tags":[],"class_list":{"0":"post-139304","1":"post","2":"type-post","3":"status-publish","4":"format-standard","5":"has-post-thumbnail","7":"category-locales"},"_links":{"self":[{"href":"https:\/\/revistaesperanzas.com\/web\/wp-json\/wp\/v2\/posts\/139304","targetHints":{"allow":["GET"]}}],"collection":[{"href":"https:\/\/revistaesperanzas.com\/web\/wp-json\/wp\/v2\/posts"}],"about":[{"href":"https:\/\/revistaesperanzas.com\/web\/wp-json\/wp\/v2\/types\/post"}],"author":[{"embeddable":true,"href":"https:\/\/revistaesperanzas.com\/web\/wp-json\/wp\/v2\/users\/4"}],"replies":[{"embeddable":true,"href":"https:\/\/revistaesperanzas.com\/web\/wp-json\/wp\/v2\/comments?post=139304"}],"version-history":[{"count":0,"href":"https:\/\/revistaesperanzas.com\/web\/wp-json\/wp\/v2\/posts\/139304\/revisions"}],"wp:featuredmedia":[{"embeddable":true,"href":"https:\/\/revistaesperanzas.com\/web\/wp-json\/wp\/v2\/media\/139306"}],"wp:attachment":[{"href":"https:\/\/revistaesperanzas.com\/web\/wp-json\/wp\/v2\/media?parent=139304"}],"wp:term":[{"taxonomy":"category","embeddable":true,"href":"https:\/\/revistaesperanzas.com\/web\/wp-json\/wp\/v2\/categories?post=139304"},{"taxonomy":"post_tag","embeddable":true,"href":"https:\/\/revistaesperanzas.com\/web\/wp-json\/wp\/v2\/tags?post=139304"}],"curies":[{"name":"wp","href":"https:\/\/api.w.org\/{rel}","templated":true}]}}