{"id":139422,"date":"2025-11-04T19:45:27","date_gmt":"2025-11-04T22:45:27","guid":{"rendered":"https:\/\/revistaesperanzas.com\/web\/?p=139422"},"modified":"2025-11-04T19:45:28","modified_gmt":"2025-11-04T22:45:28","slug":"estudiantes-de-la-escuela-de-musica-rindieron-examen-final-ante-el-conservatorio-fracassi","status":"publish","type":"post","link":"https:\/\/revistaesperanzas.com\/web\/2025\/11\/estudiantes-de-la-escuela-de-musica-rindieron-examen-final-ante-el-conservatorio-fracassi\/","title":{"rendered":"ESTUDIANTES DE LA ESCUELA DE M\u00daSICA RINDIERON EXAMEN FINAL ANTE EL CONSERVATORIO FRACASSI"},"content":{"rendered":"<p style=\"font-weight: 400;\">Primeros egresados 2025:<\/p>\n<p style=\"font-weight: 400;\">Este martes, el coordinador de la Escuela Municipal de M\u00fasica, profesor Lisandro Mart\u00ednez anunci\u00f3 el cierre del ciclo lectivo para los alumnos del Conservatorio Fracassi que funciona en la Casa de la Cultura de Goya. El profesorado de Teor\u00eda y Solfeo sac\u00f3 a sus primeros egresados.<a href=\"https:\/\/revistaesperanzas.com\/web\/2025\/11\/estudiantes-de-la-escuela-de-musica-rindieron-examen-final-ante-el-conservatorio-fracassi\/lisandro-martinez-1\/\" rel=\"attachment wp-att-139425\"><img loading=\"lazy\" decoding=\"async\" class=\" wp-image-139425 alignleft\" src=\"https:\/\/revistaesperanzas.com\/web\/wp-content\/uploads\/2025\/11\/LISANDRO-MARTINEZ-1.jpg\" alt=\"\" width=\"501\" height=\"353\" srcset=\"https:\/\/revistaesperanzas.com\/web\/wp-content\/uploads\/2025\/11\/LISANDRO-MARTINEZ-1.jpg 597w, https:\/\/revistaesperanzas.com\/web\/wp-content\/uploads\/2025\/11\/LISANDRO-MARTINEZ-1-100x70.jpg 100w\" sizes=\"auto, (max-width: 501px) 100vw, 501px\" \/><\/a><\/p>\n<p style=\"font-weight: 400;\">La Escuela Municipal de M\u00fasica &#8221; Alcides Romero &#8221; de Goya concluye sus actividades anuales y prepara actividades para mostrar lo actuado en el a\u00f1o. Respecto a esto, Mart\u00ednez dijo sentirse feliz por el excelente a\u00f1o que tuvo el instituto y \u201ccon ganas de encarar nuevos desaf\u00edos para el a\u00f1o que viene\u201d.<\/p>\n<p style=\"font-weight: 400;\">\u201cDespu\u00e9s de tres a\u00f1os, no fue f\u00e1cil abrir una filial del Conservatorio Fracassi aqu\u00ed en Goya \u2013dijo-era todo un compromiso por el aval que te da esta instituci\u00f3n privada y cuando comenzamos tuvimos 30 alumnos anotados y seguimos en ese n\u00famero: entre 30 a 35 alumnos inscriptos por a\u00f1o\u201d.<\/p>\n<p style=\"font-weight: 400;\">\u201cEste pasado domingo tuvimos el orgullo de ver a los primeros egresados luego de rendir la materia de Teor\u00eda y Solfeo\u2026nos quedamos muy satisfechos muy contentos de ver el nivel de los alumnos, fue una ma\u00f1ana de muchas emociones, los padres acompa\u00f1ando, la Casa estuvo llena y el examen duro de una hora y media a dos horas, as\u00ed que fue una ma\u00f1ana muy emoci\u00f3nate\u201d dijo.<\/p>\n<p style=\"font-weight: 400;\">Los primeros egresados del Conservatorio de M\u00fasica Fracassi en Goya son: Camila<img decoding=\"async\" src=\"https:\/\/revistaesperanzas.com\/web\/wp-content\/uploads\/2025\/11\/LISANDRO-MARTINEZ-2-1.jpg\" \/> Caama\u00f1o, Wanda Machuca, Sebasti\u00e1n Bellando, Ana Paula S\u00e1nchez, Lautaro Nievas.<\/p>\n<p style=\"font-weight: 400;\">OTORGAMIENTO DE BECAS<\/p>\n<p style=\"font-weight: 400;\">Cabe se\u00f1alar que este logro es gracias al m\u00e9rito y gesti\u00f3n del intendente Mariano Hormaechea quien hizo lugar al pedido y firma de acuerdo para becar a los alumnos para la capacitaci\u00f3n cuyo t\u00edtulo tiene validez nacional como Profesor Superior en Teor\u00eda y Solfeo.<a href=\"https:\/\/revistaesperanzas.com\/web\/2025\/11\/estudiantes-de-la-escuela-de-musica-rindieron-examen-final-ante-el-conservatorio-fracassi\/lisandro-martinez\/\" rel=\"attachment wp-att-139429\"><img loading=\"lazy\" decoding=\"async\" class=\" wp-image-139429 alignleft\" src=\"https:\/\/revistaesperanzas.com\/web\/wp-content\/uploads\/2025\/11\/LISANDRO-MARTINEZ.jpg\" alt=\"\" width=\"500\" height=\"373\" srcset=\"https:\/\/revistaesperanzas.com\/web\/wp-content\/uploads\/2025\/11\/LISANDRO-MARTINEZ.jpg 600w, https:\/\/revistaesperanzas.com\/web\/wp-content\/uploads\/2025\/11\/LISANDRO-MARTINEZ-563x420.jpg 563w, https:\/\/revistaesperanzas.com\/web\/wp-content\/uploads\/2025\/11\/LISANDRO-MARTINEZ-80x60.jpg 80w, https:\/\/revistaesperanzas.com\/web\/wp-content\/uploads\/2025\/11\/LISANDRO-MARTINEZ-265x198.jpg 265w\" sizes=\"auto, (max-width: 500px) 100vw, 500px\" \/><\/a><\/p>\n<p style=\"font-weight: 400;\">Record\u00f3 que el municipio desde la primera hora \u201csiempre estuvo acompa\u00f1ando a ese chico que no pod\u00eda solventar este arancel que es elevado, entonces el municipio decidi\u00f3 becar a estos alumnos\u201d.<\/p>\n<p style=\"font-weight: 400;\">\u201cEsto nos lleva a la firma del acuerdo con el Conservatorio Fracassi, que nos permite tener una matr\u00edcula permanente de estudiantes que cursan de manera gratuita y para el examen, la Municipalidad beca a muchos de los que deben rendir ante los examinadores del Conservatorio\u201d.<\/p>\n<p style=\"font-weight: 400;\">RESULTADOS<\/p>\n<p style=\"font-weight: 400;\">Este trabajo que viene desarrollando la instituci\u00f3n desde hace tres a\u00f1os permite tener resultados como la conformaci\u00f3n de una orquesta de C\u00e1mara, bandas de chicos como C\u00f3digo QR, banda de chicas que est\u00e1n empezando a sonar, &#8220;RockSal&#8221; y Los Ajolotes de la Cumbia (los m\u00e1s chiquitos). Asimismo, hay que contar la Orquesta Municipal.<\/p>\n<p style=\"font-weight: 400;\">\u201cEs parte de un gran compromiso de los profes que apoyamos y nos da satisfacci\u00f3n que los vemos (a los chicos) pisar escenarios con trabajo en equipo y respeto por el producto musical\u201d.<a href=\"https:\/\/revistaesperanzas.com\/web\/2025\/11\/estudiantes-de-la-escuela-de-musica-rindieron-examen-final-ante-el-conservatorio-fracassi\/lisandro-martinez-3\/\" rel=\"attachment wp-att-139428\"><img loading=\"lazy\" decoding=\"async\" class=\" wp-image-139428 alignleft\" src=\"https:\/\/revistaesperanzas.com\/web\/wp-content\/uploads\/2025\/11\/LISANDRO-MARTINEZ-3.jpg\" alt=\"\" width=\"500\" height=\"349\" srcset=\"https:\/\/revistaesperanzas.com\/web\/wp-content\/uploads\/2025\/11\/LISANDRO-MARTINEZ-3.jpg 600w, https:\/\/revistaesperanzas.com\/web\/wp-content\/uploads\/2025\/11\/LISANDRO-MARTINEZ-3-100x70.jpg 100w\" sizes=\"auto, (max-width: 500px) 100vw, 500px\" \/><\/a><\/p>\n<p style=\"font-weight: 400;\">Hablando de desaf\u00edos, el a\u00f1o que viene los profes est\u00e1n organizando que los alumnos que as\u00ed lo deseen empiecen a estudiar instrumentos.<\/p>\n<p style=\"font-weight: 400;\">Cabe se\u00f1alar que los estudiantes rindieron su examen escrito y oral ante el profesor Sergio Bungs examinador del conservatorio y de los profesores Juan Humeres y Gustavo Demarchi.<\/p>\n<p style=\"font-weight: 400;\">Desde la Direcci\u00f3n de Cultura y la Escuela de M\u00fasica agradecen y felicitan a los estudiantes por su desempe\u00f1o, dedicaci\u00f3n, fuerza de voluntad para presentarse ante un nuevo examen del Conservatorio Fracassi.<\/p>\n","protected":false},"excerpt":{"rendered":"<p>Primeros egresados 2025: Este martes, el coordinador de la Escuela Municipal de M\u00fasica, profesor Lisandro Mart\u00ednez anunci\u00f3 el cierre del ciclo lectivo para los alumnos del Conservatorio Fracassi que funciona en la Casa de la Cultura de Goya. El profesorado de Teor\u00eda y Solfeo sac\u00f3 a sus primeros egresados. La Escuela Municipal de M\u00fasica &#8221; [&hellip;]<\/p>\n","protected":false},"author":4,"featured_media":139423,"comment_status":"closed","ping_status":"closed","sticky":false,"template":"","format":"standard","meta":{"footnotes":""},"categories":[45],"tags":[],"class_list":{"0":"post-139422","1":"post","2":"type-post","3":"status-publish","4":"format-standard","5":"has-post-thumbnail","7":"category-locales"},"_links":{"self":[{"href":"https:\/\/revistaesperanzas.com\/web\/wp-json\/wp\/v2\/posts\/139422","targetHints":{"allow":["GET"]}}],"collection":[{"href":"https:\/\/revistaesperanzas.com\/web\/wp-json\/wp\/v2\/posts"}],"about":[{"href":"https:\/\/revistaesperanzas.com\/web\/wp-json\/wp\/v2\/types\/post"}],"author":[{"embeddable":true,"href":"https:\/\/revistaesperanzas.com\/web\/wp-json\/wp\/v2\/users\/4"}],"replies":[{"embeddable":true,"href":"https:\/\/revistaesperanzas.com\/web\/wp-json\/wp\/v2\/comments?post=139422"}],"version-history":[{"count":0,"href":"https:\/\/revistaesperanzas.com\/web\/wp-json\/wp\/v2\/posts\/139422\/revisions"}],"wp:featuredmedia":[{"embeddable":true,"href":"https:\/\/revistaesperanzas.com\/web\/wp-json\/wp\/v2\/media\/139423"}],"wp:attachment":[{"href":"https:\/\/revistaesperanzas.com\/web\/wp-json\/wp\/v2\/media?parent=139422"}],"wp:term":[{"taxonomy":"category","embeddable":true,"href":"https:\/\/revistaesperanzas.com\/web\/wp-json\/wp\/v2\/categories?post=139422"},{"taxonomy":"post_tag","embeddable":true,"href":"https:\/\/revistaesperanzas.com\/web\/wp-json\/wp\/v2\/tags?post=139422"}],"curies":[{"name":"wp","href":"https:\/\/api.w.org\/{rel}","templated":true}]}}