{"id":139432,"date":"2025-11-04T19:47:17","date_gmt":"2025-11-04T22:47:17","guid":{"rendered":"https:\/\/revistaesperanzas.com\/web\/?p=139432"},"modified":"2025-11-04T19:47:17","modified_gmt":"2025-11-04T22:47:17","slug":"biblioteca-marta-elgul-de-paris-del-barrio-bicentenario-de-la-patria-de-goya-convocatoria-a-asamblea-general-ordinaria-ano-2025","status":"publish","type":"post","link":"https:\/\/revistaesperanzas.com\/web\/2025\/11\/biblioteca-marta-elgul-de-paris-del-barrio-bicentenario-de-la-patria-de-goya-convocatoria-a-asamblea-general-ordinaria-ano-2025\/","title":{"rendered":"BIBLIOTECA MARTA ELGUL DE PAR\u00cdS \u2013 del BARRIO BICENTENARIO DE LA PATRIA DE GOYA  CONVOCATORIA A ASAMBLEA GENERAL ORDINARIA A\u00d1O: 2025"},"content":{"rendered":"<p style=\"font-weight: 400;\">La Comisi\u00f3n Directiva de la Asociaci\u00f3n Civil &#8220;Biblioteca Popular Marta Elgul de Par\u00eds&#8221; del Barrio Bicentenario de la Patria de Goya Corrientes:<\/p>\n<p style=\"font-weight: 400;\">CONVOCA:<\/p>\n<p style=\"font-weight: 400;\">A sus asociados para la Asamblea General Ordinaria, que se realizar\u00e1 el d\u00eda 29 de noviembre de 2025, a las 18 hs., en la sede de la Biblioteca Popular Marta Elg\u00fal de Par\u00eds sito en la Mz. &#8220;A&#8221; casa N\u00b0 14, para considerar el siguiente:<\/p>\n<p style=\"font-weight: 400;\">ORDEN DEL DIA:<\/p>\n<p style=\"font-weight: 400;\">1- Designaci\u00f3n de dos (2) socios asamble\u00edstas para la firma del Acta junto al Presidente y Secretario.<\/p>\n<p style=\"font-weight: 400;\">2- Elecci\u00f3n de un (1) socio para presidir la Asamblea.<\/p>\n<p style=\"font-weight: 400;\">3- Lectura y consideraci\u00f3n de la Memoria, Balance, Estados Contables y aprobaci\u00f3n del Inventario del A\u00f1o: 2024.<\/p>\n<p style=\"font-weight: 400;\">4- Renovaci\u00f3n de Autoridades de la Comisi\u00f3n Directiva y Revisora de cuenta seg\u00fan lo dispuesto el art N\u00b0 17 del Estatuto vigente<\/p>\n<p style=\"font-weight: 400;\">5- Libre uso de la palabra.<\/p>\n<p style=\"font-weight: 400;\">Goya, Corrientes, 05 de\u00a0noviembre de 2025.<\/p>\n","protected":false},"excerpt":{"rendered":"<p>La Comisi\u00f3n Directiva de la Asociaci\u00f3n Civil &#8220;Biblioteca Popular Marta Elgul de Par\u00eds&#8221; del Barrio Bicentenario de la Patria de Goya Corrientes: CONVOCA: A sus asociados para la Asamblea General Ordinaria, que se realizar\u00e1 el d\u00eda 29 de noviembre de 2025, a las 18 hs., en la sede de la Biblioteca Popular Marta Elg\u00fal de [&hellip;]<\/p>\n","protected":false},"author":4,"featured_media":139433,"comment_status":"closed","ping_status":"closed","sticky":false,"template":"","format":"standard","meta":{"footnotes":""},"categories":[45],"tags":[],"class_list":{"0":"post-139432","1":"post","2":"type-post","3":"status-publish","4":"format-standard","5":"has-post-thumbnail","7":"category-locales"},"_links":{"self":[{"href":"https:\/\/revistaesperanzas.com\/web\/wp-json\/wp\/v2\/posts\/139432","targetHints":{"allow":["GET"]}}],"collection":[{"href":"https:\/\/revistaesperanzas.com\/web\/wp-json\/wp\/v2\/posts"}],"about":[{"href":"https:\/\/revistaesperanzas.com\/web\/wp-json\/wp\/v2\/types\/post"}],"author":[{"embeddable":true,"href":"https:\/\/revistaesperanzas.com\/web\/wp-json\/wp\/v2\/users\/4"}],"replies":[{"embeddable":true,"href":"https:\/\/revistaesperanzas.com\/web\/wp-json\/wp\/v2\/comments?post=139432"}],"version-history":[{"count":0,"href":"https:\/\/revistaesperanzas.com\/web\/wp-json\/wp\/v2\/posts\/139432\/revisions"}],"wp:featuredmedia":[{"embeddable":true,"href":"https:\/\/revistaesperanzas.com\/web\/wp-json\/wp\/v2\/media\/139433"}],"wp:attachment":[{"href":"https:\/\/revistaesperanzas.com\/web\/wp-json\/wp\/v2\/media?parent=139432"}],"wp:term":[{"taxonomy":"category","embeddable":true,"href":"https:\/\/revistaesperanzas.com\/web\/wp-json\/wp\/v2\/categories?post=139432"},{"taxonomy":"post_tag","embeddable":true,"href":"https:\/\/revistaesperanzas.com\/web\/wp-json\/wp\/v2\/tags?post=139432"}],"curies":[{"name":"wp","href":"https:\/\/api.w.org\/{rel}","templated":true}]}}