{"id":139443,"date":"2025-11-04T19:53:22","date_gmt":"2025-11-04T22:53:22","guid":{"rendered":"https:\/\/revistaesperanzas.com\/web\/?p=139443"},"modified":"2025-11-04T19:53:22","modified_gmt":"2025-11-04T22:53:22","slug":"expo-carreras-2025","status":"publish","type":"post","link":"https:\/\/revistaesperanzas.com\/web\/2025\/11\/expo-carreras-2025\/","title":{"rendered":"EXPO CARRERAS 2025"},"content":{"rendered":"<p style=\"font-weight: 400;\"><em>Mi\u00e9rcoles 5 en el Multiespacio Ferial \u201cCosta Surubi\u201d<\/em><\/p>\n<p style=\"font-weight: 400;\">La secretaria de Educaci\u00f3n Sonia Espina, en contacto con la prensa invit\u00f3 a participar de esta muestra y exhibici\u00f3n de carreras superiores y formaciones profesionales que las instituciones expondr\u00e1n el mi\u00e9rcoles desde las 8,30 y hasta las 20 horas en Costa Surub\u00ed.<\/p>\n<p style=\"font-weight: 400;\">En el di\u00e1logo radial la funcionaria municipal, detall\u00f3: \u201cUnas 200 ofertas educativas y profesionales se podr\u00e1n conocer en esta edici\u00f3n de la Expo Carreras, de la cual participan universidades con sede en nuestra ciudad, institutos superiores de carreras docentes y t\u00e9cnicas, as\u00ed como tambi\u00e9n las ofertas en materia de formaci\u00f3n profesional que cuenta nuestra ciudad, el aporte de la oportunidad que ofrecen las fuerzas armadas, de seguridad. En esta ocasi\u00f3n no formar\u00e1 parte de la exposici\u00f3n, por estar comprometidos con otras actividades de su fuerza, el ej\u00e9rcito.<\/p>\n<p style=\"font-weight: 400;\">En la comunicaci\u00f3n, la secretaria de Educaci\u00f3n se\u00f1al\u00f3: \u201cLa prefectura con su Escuela de Capacitaci\u00f3n de la Marina Mercante tendr\u00e1 su espacio para informar, al igual que la Polic\u00eda de la Provincia de Corrientes\u201d.<\/p>\n<p style=\"font-weight: 400;\">\u201cTambi\u00e9n estaremos mostrando las opciones de las escuelas municipales, del ITG, de la UTN, junto a las diferentes entidades que exhibir\u00e1n sus respectivas carreras de grado, de posgrado y las formaciones profesionales; son unas 200 alternativas que se cuentan en nuestra ciudad\u201d, agreg\u00f3.<\/p>\n<p style=\"font-weight: 400;\">La secretaria municipal adelant\u00f3: \u201cLa apertura est\u00e1 prevista para el mi\u00e9rcoles a las 8,30 horas, con el corte de cintas, la presencia del intendente Mariano Hormaechea, funcionarios y responsables de las casas de formaci\u00f3n que conforman nuestra expo carreras. La jornada se extender\u00e1 hasta las 20 horas, con una pausa de 12 a 14 horas\u201d.<\/p>\n<p style=\"font-weight: 400;\">\u201cEl espacio de informaci\u00f3n est\u00e1 principalmente destinado a los estudiantes secundarios de los \u00faltimos a\u00f1os, pero es una jornada abierta a la comunidad, con entrada libre y gratuita\u201d.<\/p>\n<p style=\"font-weight: 400;\">Al final, Sonia Espina reiter\u00f3: \u201cLos invitamos a participar de esta actividad educativa pensada para orientar a los j\u00f3venes en la elecci\u00f3n de su futuro acad\u00e9mico y profesional\u201d.<\/p>\n","protected":false},"excerpt":{"rendered":"<p>Mi\u00e9rcoles 5 en el Multiespacio Ferial \u201cCosta Surubi\u201d La secretaria de Educaci\u00f3n Sonia Espina, en contacto con la prensa invit\u00f3 a participar de esta muestra y exhibici\u00f3n de carreras superiores y formaciones profesionales que las instituciones expondr\u00e1n el mi\u00e9rcoles desde las 8,30 y hasta las 20 horas en Costa Surub\u00ed. En el di\u00e1logo radial la [&hellip;]<\/p>\n","protected":false},"author":4,"featured_media":139444,"comment_status":"closed","ping_status":"closed","sticky":false,"template":"","format":"standard","meta":{"footnotes":""},"categories":[45],"tags":[],"class_list":{"0":"post-139443","1":"post","2":"type-post","3":"status-publish","4":"format-standard","5":"has-post-thumbnail","7":"category-locales"},"_links":{"self":[{"href":"https:\/\/revistaesperanzas.com\/web\/wp-json\/wp\/v2\/posts\/139443","targetHints":{"allow":["GET"]}}],"collection":[{"href":"https:\/\/revistaesperanzas.com\/web\/wp-json\/wp\/v2\/posts"}],"about":[{"href":"https:\/\/revistaesperanzas.com\/web\/wp-json\/wp\/v2\/types\/post"}],"author":[{"embeddable":true,"href":"https:\/\/revistaesperanzas.com\/web\/wp-json\/wp\/v2\/users\/4"}],"replies":[{"embeddable":true,"href":"https:\/\/revistaesperanzas.com\/web\/wp-json\/wp\/v2\/comments?post=139443"}],"version-history":[{"count":0,"href":"https:\/\/revistaesperanzas.com\/web\/wp-json\/wp\/v2\/posts\/139443\/revisions"}],"wp:featuredmedia":[{"embeddable":true,"href":"https:\/\/revistaesperanzas.com\/web\/wp-json\/wp\/v2\/media\/139444"}],"wp:attachment":[{"href":"https:\/\/revistaesperanzas.com\/web\/wp-json\/wp\/v2\/media?parent=139443"}],"wp:term":[{"taxonomy":"category","embeddable":true,"href":"https:\/\/revistaesperanzas.com\/web\/wp-json\/wp\/v2\/categories?post=139443"},{"taxonomy":"post_tag","embeddable":true,"href":"https:\/\/revistaesperanzas.com\/web\/wp-json\/wp\/v2\/tags?post=139443"}],"curies":[{"name":"wp","href":"https:\/\/api.w.org\/{rel}","templated":true}]}}