{"id":139473,"date":"2025-11-04T22:34:29","date_gmt":"2025-11-05T01:34:29","guid":{"rendered":"https:\/\/revistaesperanzas.com\/web\/?p=139473"},"modified":"2025-11-04T22:34:29","modified_gmt":"2025-11-05T01:34:29","slug":"asociacion-de-comercio-de-goya","status":"publish","type":"post","link":"https:\/\/revistaesperanzas.com\/web\/2025\/11\/asociacion-de-comercio-de-goya\/","title":{"rendered":"ASOCIACI\u00d3N DE COMERCIO DE GOYA"},"content":{"rendered":"<p style=\"font-weight: 400;\">El nuevo presidente C\u00e9sar Almeda, en declaraciones radiales plante\u00f3 los desaf\u00edos de la nueva comisi\u00f3n, con el objetivo de responder a las necesidades de sus asociados.<\/p>\n<p style=\"font-weight: 400;\">En la entrevista mantenida en la ma\u00f1ana del martes, el dirigente gremial de los comerciantes, empresarios e industriales de Goya, reconoci\u00f3 el posicionamiento dado a la entidad por parte del anterior presidente Iv\u00e1n Vilas, repas\u00f3 la historia de la entidad y valor\u00f3 los espacios logrados en las instituciones de Corrientes y el pa\u00eds.<\/p>\n<p style=\"font-weight: 400;\">El presidente de la ACIPG sostuvo que buscan mantener las relaciones interinstitucionales que contribuyen al desarrollo de la econom\u00eda local y adelant\u00f3 que se proyecta una refuncionalizaci\u00f3n de su sede.<\/p>\n<p style=\"font-weight: 400;\">DE LA COSECHA DE TABACO A LA INTELIGENCIA ARTIFICIAL<\/p>\n<p style=\"font-weight: 400;\">El presidente de la entidad comercial record\u00f3: \u201cDesde nuestros or\u00edgenes siempre el objetivo es responder a las necesidades de nuestros asociados. Para trazar una l\u00ednea hist\u00f3rica, revisando el fundamento de la creaci\u00f3n de la Asociaci\u00f3n, nos encontramos que radic\u00f3 en la petici\u00f3n hecha a las autoridades para que aumenten la provisi\u00f3n de combustible (nafta) para nuestra ciudad por la excelente cosecha de tabaco que necesitar\u00eda de mucha m\u00e1s nafta que las destinadas a las playas de expendio de la ciudad, gestionando ante las autoridades de YPF esa inquietud\u201d.<a href=\"https:\/\/revistaesperanzas.com\/web\/2025\/11\/asociacion-de-comercio-de-goya\/cesar-almeda-presidente-acipg-ilustracion-nota-2\/\" rel=\"attachment wp-att-139475\"><img loading=\"lazy\" decoding=\"async\" class=\" wp-image-139475 alignleft\" src=\"https:\/\/revistaesperanzas.com\/web\/wp-content\/uploads\/2025\/11\/cesar-almeda-Presidente-ACIPG-Ilustracion-nota-2.jpg\" alt=\"\" width=\"440\" height=\"440\" srcset=\"https:\/\/revistaesperanzas.com\/web\/wp-content\/uploads\/2025\/11\/cesar-almeda-Presidente-ACIPG-Ilustracion-nota-2.jpg 565w, https:\/\/revistaesperanzas.com\/web\/wp-content\/uploads\/2025\/11\/cesar-almeda-Presidente-ACIPG-Ilustracion-nota-2-420x420.jpg 420w\" sizes=\"auto, (max-width: 440px) 100vw, 440px\" \/><\/a><\/p>\n<p style=\"font-weight: 400;\">\u201cIndudablemente que en este tiempo otras son las inquietudes que nos planteamos -indic\u00f3-, incluso el uso de la IA para mejorar nuestra actividad comercial. Debemos aprender y adecuarnos al uso de las aplicaciones, somos conscientes que el mercado de venta ha sido \u201cganado\u201d por el m\u00e9todo \u201conline\u201d con empresas l\u00edderes en ese sector. All\u00ed uno de los objetivos para modernizar nuestras maneras de vender; la competencia con las cadenas, otros de los factores de an\u00e1lisis\u201d.<\/p>\n<p style=\"font-weight: 400;\">Tambi\u00e9n explic\u00f3 que \u00a0el consumidor debe entender que \u201ccuando adquiere un producto de nuestros asociados favorece a la din\u00e1mica de la econom\u00eda, contribuye al c\u00edrculo virtuoso, porque ese recurso es volcado en los aportes a los empleados, esto a su vez retroalimenta el consumo local produciendo ese c\u00edrculo favorable en la econom\u00eda\u201d.<\/p>\n<p style=\"font-weight: 400;\">POSICIONAMIENTO INTERINSTITUCIONAL<\/p>\n<p style=\"font-weight: 400;\">Almeda sostuvo en la entrevista: \u201cNosotros estamos agradecidos del posicionamiento logrado por la asociaci\u00f3n, en muchos de los casos se los debemos a la gesti\u00f3n de Iv\u00e1n Vilas. Hoy somos parte de la FECOR, de la CAME y de la CAC (C\u00e1mara Argentina de Comercio), sumado a ser part\u00edcipes de integrar otros grupos de debate, an\u00e1lisis para el desarrollo econ\u00f3mico como el caso de la AGENPRO, el Consejo Econ\u00f3mico para el Desarrollo dependiente de la vice gobernaci\u00f3n. Nos pusimos a disposici\u00f3n de la nueva comisi\u00f3n de Pesca para ayudar, colaborar, ser parte como lo fuimos en otras \u00e9pocas\u201d, agreg\u00f3.<\/p>\n<p style=\"font-weight: 400;\">El presidente de la Asociaci\u00f3n de Comercio ilustr\u00f3: \u201cEstamos agradecidos por el inter\u00e9s de los nuevos comerciantes en querer conformar la comisi\u00f3n. Un hecho para destacar, en las asambleas muchas veces lleg\u00e1bamos apenas a cubrir los cargos, en la actualidad tuvimos que pedir disculpas porque sobraban personas para cubrir esos espacios, esto nos llev\u00f3 a redise\u00f1ar una manera de hacerlos part\u00edcipes creando \u00e1mbitos que respondan a las exigencias de modernizaci\u00f3n, uso de redes, comunicaci\u00f3n digital complementando a la tradicional\u201d.<\/p>\n<p style=\"font-weight: 400;\">PROYECTOS A LARGO PLAZO ARTICULACI\u00d3N CON EL GOBIERNO<\/p>\n<p style=\"font-weight: 400;\">El dirigente expres\u00f3: \u201cSomos respetuosos de las administraciones que son productos de la elecci\u00f3n popular, de igual manera apostamos a la proyecci\u00f3n de metas, objetivos a largo plazo que est\u00e9n por encima del \u201ctiempo electoral\u201d. En ese sentido es valiosa la convocatoria a nivel provincial del Consejo para el Desarrollo Econ\u00f3mico, y en lo local, del Pacto Goya 2030\u201d.<\/p>\n<p style=\"font-weight: 400;\">PERFIL DEL ASOCIADO<\/p>\n<p style=\"font-weight: 400;\">\u201cEn la cuesti\u00f3n de tener atenciones hacia nuestros socios, nos planteamos completar sus datos personales, pero no solo con lo convencional (nombre, apellido, DNI, contacto), sino agregar aquellas cuestiones que hacen a su \u201cperfil\u201d, deporte que practica, gustos, hobby\u2026, lo que sirve para tener una base de datos amplia para reconocer no solo por esa actividad comercial sino por esa calidad de persona\u201d, coment\u00f3 el comerciante.<\/p>\n<p style=\"font-weight: 400;\">MODERNIZACI\u00d3N Y REFUNCIONALIZACI\u00d3N DE LA SEDE<\/p>\n<p style=\"font-weight: 400;\">Al final de la entrevista radial C\u00e9sar Almeda adelant\u00f3: \u201cEn lo inmediato nos fijamos el objetivo de modernizar a trav\u00e9s de la refuncionalizaci\u00f3n de nuestra sede. Las \u00faltimas modificaciones edilicias se hicieron en las presidencias de Gustavo Tabachi y de Pedro Sa, nosotros estaremos proyectando un auditorio con capacidad para 40 personas, una oficina privada y un renovado espacio de atenci\u00f3n al p\u00fablico, para ello tomaremos contacto con arquitectos de la ciudad para el correspondiente proyecto y despu\u00e9s emprender esa obra\u201d.<\/p>\n","protected":false},"excerpt":{"rendered":"<p>El nuevo presidente C\u00e9sar Almeda, en declaraciones radiales plante\u00f3 los desaf\u00edos de la nueva comisi\u00f3n, con el objetivo de responder a las necesidades de sus asociados. En la entrevista mantenida en la ma\u00f1ana del martes, el dirigente gremial de los comerciantes, empresarios e industriales de Goya, reconoci\u00f3 el posicionamiento dado a la entidad por parte [&hellip;]<\/p>\n","protected":false},"author":4,"featured_media":139474,"comment_status":"closed","ping_status":"closed","sticky":false,"template":"","format":"standard","meta":{"footnotes":""},"categories":[45],"tags":[],"class_list":{"0":"post-139473","1":"post","2":"type-post","3":"status-publish","4":"format-standard","5":"has-post-thumbnail","7":"category-locales"},"_links":{"self":[{"href":"https:\/\/revistaesperanzas.com\/web\/wp-json\/wp\/v2\/posts\/139473","targetHints":{"allow":["GET"]}}],"collection":[{"href":"https:\/\/revistaesperanzas.com\/web\/wp-json\/wp\/v2\/posts"}],"about":[{"href":"https:\/\/revistaesperanzas.com\/web\/wp-json\/wp\/v2\/types\/post"}],"author":[{"embeddable":true,"href":"https:\/\/revistaesperanzas.com\/web\/wp-json\/wp\/v2\/users\/4"}],"replies":[{"embeddable":true,"href":"https:\/\/revistaesperanzas.com\/web\/wp-json\/wp\/v2\/comments?post=139473"}],"version-history":[{"count":0,"href":"https:\/\/revistaesperanzas.com\/web\/wp-json\/wp\/v2\/posts\/139473\/revisions"}],"wp:featuredmedia":[{"embeddable":true,"href":"https:\/\/revistaesperanzas.com\/web\/wp-json\/wp\/v2\/media\/139474"}],"wp:attachment":[{"href":"https:\/\/revistaesperanzas.com\/web\/wp-json\/wp\/v2\/media?parent=139473"}],"wp:term":[{"taxonomy":"category","embeddable":true,"href":"https:\/\/revistaesperanzas.com\/web\/wp-json\/wp\/v2\/categories?post=139473"},{"taxonomy":"post_tag","embeddable":true,"href":"https:\/\/revistaesperanzas.com\/web\/wp-json\/wp\/v2\/tags?post=139473"}],"curies":[{"name":"wp","href":"https:\/\/api.w.org\/{rel}","templated":true}]}}