{"id":139522,"date":"2025-12-02T11:19:01","date_gmt":"2025-12-02T14:19:01","guid":{"rendered":"https:\/\/revistaesperanzas.com\/web\/?p=139522"},"modified":"2025-12-02T11:19:01","modified_gmt":"2025-12-02T14:19:01","slug":"en-accidente-vial-pierden-la-vida-al-menos-tres-personas-mas-uno-en-gestacion","status":"publish","type":"post","link":"https:\/\/revistaesperanzas.com\/web\/2025\/12\/en-accidente-vial-pierden-la-vida-al-menos-tres-personas-mas-uno-en-gestacion\/","title":{"rendered":"EN ACCIDENTE VIAL, PIERDEN LA VIDA AL MENOS TRES PERSONAS M\u00c1S UNO EN GESTACI\u00d3N"},"content":{"rendered":"<p>ESQUINA\u00a0 &#8211;\u00a0 Tres personas y uno en gestaci\u00f3n perdieron la vida en un siniestro vial (Informaci\u00f3n inicial)<\/p>\n<p>En la jornada de hoy 01-12-25, efectivos policiales de la Comisar\u00eda de Distrito Segunda de Esquina tomaron conocimiento de un siniestro vial ocurrido en la primera secci\u00f3n de la localidad, en intersecci\u00f3n de Ruta Provincial N\u00b0 59 y calle Mitre, d\u00f3nde por causas y circunstancias que a\u00fan se investigan, un autom\u00f3vil y una camioneta habr\u00edan colisionado, perdiendo la vida tres personas y uno en gestaci\u00f3n.<\/p>\n<p>Seg\u00fan la informaci\u00f3n preliminar obtenida, el siniestro se registr\u00f3 cerca de las 14:00 horas, el cual tuvo como protagonistas a una camioneta -marca Chevrolet S10- guiada por un hombre identificado con el apellido Martinez -mayor de edad &#8211; y a un segundo veh\u00edculo automotor -marca Volkswagen Gol Power- conducido por un hombre de apellido Cabrera -mayor de edad-, qui\u00e9n iba acompa\u00f1ado de un menor de 06 a\u00f1os y dos mujeres, de apellidos Villalba y Aranda-mayores-; una de ellas cursando un embarazo.<\/p>\n<p>A consecuencia del mismo, una de las mujeres perdi\u00f3 la vida en el lugar, sin embargo, los dem\u00e1s fueron auxiliados y trasladados al hospital local, d\u00f3nde pese al esfuerzo de los profesionales, la mujer embarazada y el menor perdieron la vida.<br \/>\nEn el lugar se realizaron las diligencias correspondientes, tomando intervenci\u00f3n la Unidad Fiscal en turno, continu\u00e1ndose con los tr\u00e1mites de rigor en la citada dependencia.<\/p>\n","protected":false},"excerpt":{"rendered":"<p>ESQUINA\u00a0 &#8211;\u00a0 Tres personas y uno en gestaci\u00f3n perdieron la vida en un siniestro vial (Informaci\u00f3n inicial) En la jornada de hoy 01-12-25, efectivos policiales de la Comisar\u00eda de Distrito Segunda de Esquina tomaron conocimiento de un siniestro vial ocurrido en la primera secci\u00f3n de la localidad, en intersecci\u00f3n de Ruta Provincial N\u00b0 59 y [&hellip;]<\/p>\n","protected":false},"author":4,"featured_media":139524,"comment_status":"closed","ping_status":"closed","sticky":false,"template":"","format":"standard","meta":{"footnotes":""},"categories":[58],"tags":[],"class_list":{"0":"post-139522","1":"post","2":"type-post","3":"status-publish","4":"format-standard","5":"has-post-thumbnail","7":"category-corrientes"},"_links":{"self":[{"href":"https:\/\/revistaesperanzas.com\/web\/wp-json\/wp\/v2\/posts\/139522","targetHints":{"allow":["GET"]}}],"collection":[{"href":"https:\/\/revistaesperanzas.com\/web\/wp-json\/wp\/v2\/posts"}],"about":[{"href":"https:\/\/revistaesperanzas.com\/web\/wp-json\/wp\/v2\/types\/post"}],"author":[{"embeddable":true,"href":"https:\/\/revistaesperanzas.com\/web\/wp-json\/wp\/v2\/users\/4"}],"replies":[{"embeddable":true,"href":"https:\/\/revistaesperanzas.com\/web\/wp-json\/wp\/v2\/comments?post=139522"}],"version-history":[{"count":1,"href":"https:\/\/revistaesperanzas.com\/web\/wp-json\/wp\/v2\/posts\/139522\/revisions"}],"predecessor-version":[{"id":139526,"href":"https:\/\/revistaesperanzas.com\/web\/wp-json\/wp\/v2\/posts\/139522\/revisions\/139526"}],"wp:featuredmedia":[{"embeddable":true,"href":"https:\/\/revistaesperanzas.com\/web\/wp-json\/wp\/v2\/media\/139524"}],"wp:attachment":[{"href":"https:\/\/revistaesperanzas.com\/web\/wp-json\/wp\/v2\/media?parent=139522"}],"wp:term":[{"taxonomy":"category","embeddable":true,"href":"https:\/\/revistaesperanzas.com\/web\/wp-json\/wp\/v2\/categories?post=139522"},{"taxonomy":"post_tag","embeddable":true,"href":"https:\/\/revistaesperanzas.com\/web\/wp-json\/wp\/v2\/tags?post=139522"}],"curies":[{"name":"wp","href":"https:\/\/api.w.org\/{rel}","templated":true}]}}