{"id":139534,"date":"2025-12-02T11:25:18","date_gmt":"2025-12-02T14:25:18","guid":{"rendered":"https:\/\/revistaesperanzas.com\/web\/?p=139534"},"modified":"2025-12-02T11:25:18","modified_gmt":"2025-12-02T14:25:18","slug":"direccion-trata-de-personas-busqueda-y-captura","status":"publish","type":"post","link":"https:\/\/revistaesperanzas.com\/web\/2025\/12\/direccion-trata-de-personas-busqueda-y-captura\/","title":{"rendered":"DIRECCION TRATA DE PERSONAS, BUSQUEDA Y CAPTURA"},"content":{"rendered":"<p>Luego de un intenso y exitoso trabajo investigativo, la Polic\u00eda de Corrientes logr\u00f3 la detenci\u00f3n de Ojeda Osvaldo Martin quien era intensamente buscado por estar presuntamente involucrado en varios hechos por supuesta estafa.<\/p>\n<p>Efectivos policiales dependientes de la Direcci\u00f3n Trata de Personas, B\u00fasqueda y Captura de la Polic\u00eda de Corrientes en colaboraci\u00f3n con la Unidad Fiscal de Investigaci\u00f3n, llevaron adelante arduos trabajos investigativos en relaci\u00f3n a una causa judicial iniciada por supuesta estafa y en el cual estar\u00eda involucrado un hombre de apellido Ojeda, quien era intensamente buscado y en la jornada de hoy 01-11-25 con la colaboraci\u00f3n de la Polic\u00eda de Esquel Chubut finalmente fue capturado.<a href=\"https:\/\/revistaesperanzas.com\/web\/2025\/12\/direccion-trata-de-personas-busqueda-y-captura\/whatsapp-image-2025-12-01-at-20-44-50\/\" rel=\"attachment wp-att-139537\"><img loading=\"lazy\" decoding=\"async\" class=\" wp-image-139537 alignleft\" src=\"https:\/\/revistaesperanzas.com\/web\/wp-content\/uploads\/2025\/12\/WhatsApp-Image-2025-12-01-at-20.44.50.jpeg\" alt=\"\" width=\"431\" height=\"521\" srcset=\"https:\/\/revistaesperanzas.com\/web\/wp-content\/uploads\/2025\/12\/WhatsApp-Image-2025-12-01-at-20.44.50.jpeg 600w, https:\/\/revistaesperanzas.com\/web\/wp-content\/uploads\/2025\/12\/WhatsApp-Image-2025-12-01-at-20.44.50-348x420.jpeg 348w\" sizes=\"auto, (max-width: 431px) 100vw, 431px\" \/><\/a><\/p>\n<p>El exitoso procedimiento, fue concretado luego de que los mencionados efectivos de la Polic\u00eda de Corrientes de \u00e1rea de referencia, llevaran adelante diversos trabajos investigativos, utilizando adem\u00e1s herramientas tecnol\u00f3gicas y otros despliegues que se realizaron durante estos d\u00edas, lo que luego permiti\u00f3 determinar que el ciudadano Ojeda habr\u00eda salido de la Provincia d\u00edas atr\u00e1s, dirigi\u00e9ndose por varios lugares de la Provincia de Rio Negro y posteriormente hacia Chubut, donde estar\u00eda alojado en un hotel ubicado en la ciudad de Esquel, por lo que una vez localizado desde ac\u00e1, mediante las diligencias realizadas, se solicit\u00f3 la valiosa colaboraci\u00f3n del personal de la Divisi\u00f3n Policial de Investigaciones de ese lugar, quienes lograron la detenci\u00f3n del mismo en el mencionado alojamiento.<\/p>\n<p>El detenido fue puesto a disposici\u00f3n de la justicia y moment\u00e1neamente alojado en la comisaria primera de la ciudad de Esquel, mientras que actualmente las Fiscal\u00edas de Investigaci\u00f3n a cargo de ambas provincias, determinen las diligencias a realizar para su posterior traslado hasta \u00e9sta provincia.<\/p>\n","protected":false},"excerpt":{"rendered":"<p>Luego de un intenso y exitoso trabajo investigativo, la Polic\u00eda de Corrientes logr\u00f3 la detenci\u00f3n de Ojeda Osvaldo Martin quien era intensamente buscado por estar presuntamente involucrado en varios hechos por supuesta estafa. Efectivos policiales dependientes de la Direcci\u00f3n Trata de Personas, B\u00fasqueda y Captura de la Polic\u00eda de Corrientes en colaboraci\u00f3n con la Unidad [&hellip;]<\/p>\n","protected":false},"author":4,"featured_media":139536,"comment_status":"closed","ping_status":"closed","sticky":false,"template":"","format":"standard","meta":{"footnotes":""},"categories":[58],"tags":[],"class_list":{"0":"post-139534","1":"post","2":"type-post","3":"status-publish","4":"format-standard","5":"has-post-thumbnail","7":"category-corrientes"},"_links":{"self":[{"href":"https:\/\/revistaesperanzas.com\/web\/wp-json\/wp\/v2\/posts\/139534","targetHints":{"allow":["GET"]}}],"collection":[{"href":"https:\/\/revistaesperanzas.com\/web\/wp-json\/wp\/v2\/posts"}],"about":[{"href":"https:\/\/revistaesperanzas.com\/web\/wp-json\/wp\/v2\/types\/post"}],"author":[{"embeddable":true,"href":"https:\/\/revistaesperanzas.com\/web\/wp-json\/wp\/v2\/users\/4"}],"replies":[{"embeddable":true,"href":"https:\/\/revistaesperanzas.com\/web\/wp-json\/wp\/v2\/comments?post=139534"}],"version-history":[{"count":2,"href":"https:\/\/revistaesperanzas.com\/web\/wp-json\/wp\/v2\/posts\/139534\/revisions"}],"predecessor-version":[{"id":139539,"href":"https:\/\/revistaesperanzas.com\/web\/wp-json\/wp\/v2\/posts\/139534\/revisions\/139539"}],"wp:featuredmedia":[{"embeddable":true,"href":"https:\/\/revistaesperanzas.com\/web\/wp-json\/wp\/v2\/media\/139536"}],"wp:attachment":[{"href":"https:\/\/revistaesperanzas.com\/web\/wp-json\/wp\/v2\/media?parent=139534"}],"wp:term":[{"taxonomy":"category","embeddable":true,"href":"https:\/\/revistaesperanzas.com\/web\/wp-json\/wp\/v2\/categories?post=139534"},{"taxonomy":"post_tag","embeddable":true,"href":"https:\/\/revistaesperanzas.com\/web\/wp-json\/wp\/v2\/tags?post=139534"}],"curies":[{"name":"wp","href":"https:\/\/api.w.org\/{rel}","templated":true}]}}