{"id":139540,"date":"2025-12-02T11:29:05","date_gmt":"2025-12-02T14:29:05","guid":{"rendered":"https:\/\/revistaesperanzas.com\/web\/?p=139540"},"modified":"2025-12-02T11:29:05","modified_gmt":"2025-12-02T14:29:05","slug":"siniestro-vial-con-consecuencia-fatal","status":"publish","type":"post","link":"https:\/\/revistaesperanzas.com\/web\/2025\/12\/siniestro-vial-con-consecuencia-fatal\/","title":{"rendered":"SINIESTRO VIAL CON CONSECUENCIA FATAL"},"content":{"rendered":"<p>SALADAS (informacion inicial)\u00a0 \u00a0&#8211;\u00a0 En horas de la noche de ayer 01-12-25, alrededor de las 22:30horas, en inmediaciones de Ruta Nacional N\u00b012 km 940 aproximadamente y Ruta Nacional N\u00b0118, cuatro bocas \u2013 Saladas, por causas que se tratan de establecer se habr\u00eda producido un siniestro vial con consecuencia fatal.<\/p>\n<p>Conforme a las primeras averiguaciones el siniestro tuvo como protagonista a un cami\u00f3n \u2013marca Scania-, conducido por un hombre de apellido Laio \u201332 a\u00f1os-, y un autom\u00f3vil \u2013marca Toyota Ethios- conducido por un hombre de apellido Terrusi -49 a\u00f1os- acompa\u00f1ado de un hombre de apellido G\u00f3mez \u2013mayor de edad-, y dos mujeres de apellidos Vallejos y Ortiz \u2013mayores de edad-.<\/p>\n<p>A consecuencia de ello, las mujeres lamentablemente perdieron la vida en el lugar, en tanto, el conductor y acompa\u00f1ante del rodado menor fueron auxiliados y trasladados al Hospital Escuela, donde tras ser examinados se determin\u00f3 que presentaban lesiones de diferentes consideraci\u00f3n.<\/p>\n<p>En el lugar se realizaron las diligencias del caso, con intervenci\u00f3n de la unidad fiscal en turno, en tanto en la Comisar\u00eda de distrito Segunda de Saladas se prosigue con los tramites que corresponden.<\/p>\n","protected":false},"excerpt":{"rendered":"<p>SALADAS (informacion inicial)\u00a0 \u00a0&#8211;\u00a0 En horas de la noche de ayer 01-12-25, alrededor de las 22:30horas, en inmediaciones de Ruta Nacional N\u00b012 km 940 aproximadamente y Ruta Nacional N\u00b0118, cuatro bocas \u2013 Saladas, por causas que se tratan de establecer se habr\u00eda producido un siniestro vial con consecuencia fatal. Conforme a las primeras averiguaciones el [&hellip;]<\/p>\n","protected":false},"author":4,"featured_media":139542,"comment_status":"closed","ping_status":"closed","sticky":false,"template":"","format":"standard","meta":{"footnotes":""},"categories":[58],"tags":[],"class_list":{"0":"post-139540","1":"post","2":"type-post","3":"status-publish","4":"format-standard","5":"has-post-thumbnail","7":"category-corrientes"},"_links":{"self":[{"href":"https:\/\/revistaesperanzas.com\/web\/wp-json\/wp\/v2\/posts\/139540","targetHints":{"allow":["GET"]}}],"collection":[{"href":"https:\/\/revistaesperanzas.com\/web\/wp-json\/wp\/v2\/posts"}],"about":[{"href":"https:\/\/revistaesperanzas.com\/web\/wp-json\/wp\/v2\/types\/post"}],"author":[{"embeddable":true,"href":"https:\/\/revistaesperanzas.com\/web\/wp-json\/wp\/v2\/users\/4"}],"replies":[{"embeddable":true,"href":"https:\/\/revistaesperanzas.com\/web\/wp-json\/wp\/v2\/comments?post=139540"}],"version-history":[{"count":1,"href":"https:\/\/revistaesperanzas.com\/web\/wp-json\/wp\/v2\/posts\/139540\/revisions"}],"predecessor-version":[{"id":139543,"href":"https:\/\/revistaesperanzas.com\/web\/wp-json\/wp\/v2\/posts\/139540\/revisions\/139543"}],"wp:featuredmedia":[{"embeddable":true,"href":"https:\/\/revistaesperanzas.com\/web\/wp-json\/wp\/v2\/media\/139542"}],"wp:attachment":[{"href":"https:\/\/revistaesperanzas.com\/web\/wp-json\/wp\/v2\/media?parent=139540"}],"wp:term":[{"taxonomy":"category","embeddable":true,"href":"https:\/\/revistaesperanzas.com\/web\/wp-json\/wp\/v2\/categories?post=139540"},{"taxonomy":"post_tag","embeddable":true,"href":"https:\/\/revistaesperanzas.com\/web\/wp-json\/wp\/v2\/tags?post=139540"}],"curies":[{"name":"wp","href":"https:\/\/api.w.org\/{rel}","templated":true}]}}