{"id":139544,"date":"2025-12-02T11:32:52","date_gmt":"2025-12-02T14:32:52","guid":{"rendered":"https:\/\/revistaesperanzas.com\/web\/?p=139544"},"modified":"2025-12-02T11:33:37","modified_gmt":"2025-12-02T14:33:37","slug":"139544","status":"publish","type":"post","link":"https:\/\/revistaesperanzas.com\/web\/2025\/12\/139544\/","title":{"rendered":"DETIENEN DOS PERSONAS CON PEDIDOS DE CAPTURA Y DEMORAN UN UTILITARIO"},"content":{"rendered":"<p>SAN LUIS DEL PALMAR\u00a0 &#8211;\u00a0 La Polic\u00eda demor\u00f3 a dos hombres presuntamente vinculados a importantes hechos delictivos ocurridos en la Provincia de Tucum\u00e1n<\/p>\n<p>En horas de la noche de ayer, alrededor de las 22:00, personal policial perteneciente a la divisi\u00f3n investigaciones dependientes de la Unidad regional N\u00b01 San Luis del Palmar procedieron a la demora de dos hombres que se desplazaban en un veh\u00edculo utilitario, en inmediaciones de esa localidad, y quienes estar\u00edan presuntamente vinculados en hechos delictivos perpetrados en la provincia de Tucum\u00e1n.<\/p>\n<p>Durante el procedimiento, tras requerirse la identificaci\u00f3n y conforme a las primeras averiguacioens, se constat\u00f3 que uno de los sujetos registrar\u00eda pedido de captura por parte de autoridades judiciales de la provincia de Tucum\u00e1n, en el marco de una causa por un hecho delictivo ocurrido recientemente.<a href=\"https:\/\/revistaesperanzas.com\/web\/2025\/12\/139544\/whatsapp-image-2025-12-02-at-11-21-17-1\/\" rel=\"attachment wp-att-139545\"><img loading=\"lazy\" decoding=\"async\" class=\" wp-image-139545 alignright\" src=\"https:\/\/revistaesperanzas.com\/web\/wp-content\/uploads\/2025\/12\/WhatsApp-Image-2025-12-02-at-11.21.17-1.jpeg\" alt=\"\" width=\"500\" height=\"281\" \/><\/a><\/p>\n<p>Asimismo, el otro hombre demorado conforme a las primeras diligencias, estar\u00eda vinculado a un il\u00edcito \u2013robo- de una importante suma de dinero ocurrido en perjuicio de un jugador de f\u00fatbol del club Atl\u00e9tico Tucum\u00e1n.<\/p>\n<p>En el lugar tambi\u00e9n se procedi\u00f3 al secuestro preventivo del veh\u00edculo utilitario \u2013marca Fiat fiorino- en el que ambos se desplazaban, debido a que carec\u00edan de toda documentaci\u00f3n que acredite su propiedad.<\/p>\n<p>Los demorados y el rodado secuestrado fueron puestos a disposici\u00f3n de la autoridad judicial interviniente, continu\u00e1ndose con las actuaciones y tr\u00e1mites de rigor que corresponden.<\/p>\n","protected":false},"excerpt":{"rendered":"<p>SAN LUIS DEL PALMAR\u00a0 &#8211;\u00a0 La Polic\u00eda demor\u00f3 a dos hombres presuntamente vinculados a importantes hechos delictivos ocurridos en la Provincia de Tucum\u00e1n En horas de la noche de ayer, alrededor de las 22:00, personal policial perteneciente a la divisi\u00f3n investigaciones dependientes de la Unidad regional N\u00b01 San Luis del Palmar procedieron a la demora [&hellip;]<\/p>\n","protected":false},"author":4,"featured_media":139547,"comment_status":"closed","ping_status":"closed","sticky":false,"template":"","format":"standard","meta":{"footnotes":""},"categories":[58],"tags":[],"class_list":{"0":"post-139544","1":"post","2":"type-post","3":"status-publish","4":"format-standard","5":"has-post-thumbnail","7":"category-corrientes"},"_links":{"self":[{"href":"https:\/\/revistaesperanzas.com\/web\/wp-json\/wp\/v2\/posts\/139544","targetHints":{"allow":["GET"]}}],"collection":[{"href":"https:\/\/revistaesperanzas.com\/web\/wp-json\/wp\/v2\/posts"}],"about":[{"href":"https:\/\/revistaesperanzas.com\/web\/wp-json\/wp\/v2\/types\/post"}],"author":[{"embeddable":true,"href":"https:\/\/revistaesperanzas.com\/web\/wp-json\/wp\/v2\/users\/4"}],"replies":[{"embeddable":true,"href":"https:\/\/revistaesperanzas.com\/web\/wp-json\/wp\/v2\/comments?post=139544"}],"version-history":[{"count":3,"href":"https:\/\/revistaesperanzas.com\/web\/wp-json\/wp\/v2\/posts\/139544\/revisions"}],"predecessor-version":[{"id":139551,"href":"https:\/\/revistaesperanzas.com\/web\/wp-json\/wp\/v2\/posts\/139544\/revisions\/139551"}],"wp:featuredmedia":[{"embeddable":true,"href":"https:\/\/revistaesperanzas.com\/web\/wp-json\/wp\/v2\/media\/139547"}],"wp:attachment":[{"href":"https:\/\/revistaesperanzas.com\/web\/wp-json\/wp\/v2\/media?parent=139544"}],"wp:term":[{"taxonomy":"category","embeddable":true,"href":"https:\/\/revistaesperanzas.com\/web\/wp-json\/wp\/v2\/categories?post=139544"},{"taxonomy":"post_tag","embeddable":true,"href":"https:\/\/revistaesperanzas.com\/web\/wp-json\/wp\/v2\/tags?post=139544"}],"curies":[{"name":"wp","href":"https:\/\/api.w.org\/{rel}","templated":true}]}}