{"id":139560,"date":"2025-12-02T11:48:59","date_gmt":"2025-12-02T14:48:59","guid":{"rendered":"https:\/\/revistaesperanzas.com\/web\/?p=139560"},"modified":"2025-12-02T11:48:59","modified_gmt":"2025-12-02T14:48:59","slug":"tras-allanamientos-la-policia-demoran-a-tres-personas-dedicadas-a-la-caza-furtiva","status":"publish","type":"post","link":"https:\/\/revistaesperanzas.com\/web\/2025\/12\/tras-allanamientos-la-policia-demoran-a-tres-personas-dedicadas-a-la-caza-furtiva\/","title":{"rendered":"TRAS ALLANAMIENTOS, LA POLICIA DEMORAN A TRES PERSONAS DEDICADAS A LA CAZA FURTIVA"},"content":{"rendered":"<p>SAUCE\u00a0 &#8211;\u00a0 La Polic\u00eda tras diligenciar sendos allanamientos, demor\u00f3 a dos personas y secuestraron un tel\u00e9fono celular, adem\u00e1s en operativos de contralor demoraron a una tercera persona, presuntamente vinculados como organizadores de caza furtiva.<\/p>\n<p>Efectivos policiales de la Unidad especial de Seguridad rural y ecol\u00f3gica de Sauce, en colaboraci\u00f3n con la fiscal\u00eda rural de Curuzu Cuatia, luego de diversos trabajos de investigaci\u00f3n desplegados en relaci\u00f3n a cacer\u00eda furtiva en Sauce y zonas aleda\u00f1as, tras diligenciar ordenes de allanamientos, demoraron a dos personas y secuestraron un tel\u00e9fono celular, adem\u00e1s en operativos de contralor demoraron a una tercer persona que tambi\u00e9n estar\u00eda vinculado en los hechos.<a href=\"https:\/\/revistaesperanzas.com\/web\/2025\/12\/tras-allanamientos-la-policia-demoran-a-tres-personas-dedicadas-a-la-caza-furtiva\/whatsapp-image-2025-12-02-at-11-42-39\/\" rel=\"attachment wp-att-139562\"><img loading=\"lazy\" decoding=\"async\" class=\"wp-image-139562 alignleft\" src=\"https:\/\/revistaesperanzas.com\/web\/wp-content\/uploads\/2025\/12\/WhatsApp-Image-2025-12-02-at-11.42.39.jpeg\" alt=\"\" width=\"394\" height=\"328\" srcset=\"https:\/\/revistaesperanzas.com\/web\/wp-content\/uploads\/2025\/12\/WhatsApp-Image-2025-12-02-at-11.42.39.jpeg 600w, https:\/\/revistaesperanzas.com\/web\/wp-content\/uploads\/2025\/12\/WhatsApp-Image-2025-12-02-at-11.42.39-505x420.jpeg 505w\" sizes=\"auto, (max-width: 394px) 100vw, 394px\" \/><\/a><\/p>\n<p>Los distintos trabajos dieron inicio, en el marco de una investigaci\u00f3n por caza ilegal, que los llev\u00f3 primeramente en la 4\u00b0 Secci\u00f3n de Sauce, donde se realizaron tres allanamientos simult\u00e1neos, procediendo al secuestro de un tel\u00e9fono celular de inter\u00e9s para la causa y a la demora de dos hombres mayores de edad.<\/p>\n<p>En tanto, siguiendo la l\u00ednea investigativa, durante un operativo de identificaci\u00f3n vehicular sobre Ruta Provincial N\u00ba 23, fue demorado un tercer hombre \u2013mayor de edad-, que tendr\u00eda vinculaci\u00f3n con los organizadores de esta cacer\u00eda furtiva en Sauce, Curuz\u00fa Cuati\u00e1 y Perugorr\u00eda.<\/p>\n<p>Los demorados junto a lo secuestrado fueron puestos a disposici\u00f3n de la fiscal\u00eda interviniente, siendo trasladados a la citada dependencia policial, a fin de proseguir con los tramites que corresponden.<\/p>\n","protected":false},"excerpt":{"rendered":"<p>SAUCE\u00a0 &#8211;\u00a0 La Polic\u00eda tras diligenciar sendos allanamientos, demor\u00f3 a dos personas y secuestraron un tel\u00e9fono celular, adem\u00e1s en operativos de contralor demoraron a una tercera persona, presuntamente vinculados como organizadores de caza furtiva. Efectivos policiales de la Unidad especial de Seguridad rural y ecol\u00f3gica de Sauce, en colaboraci\u00f3n con la fiscal\u00eda rural de Curuzu [&hellip;]<\/p>\n","protected":false},"author":4,"featured_media":139561,"comment_status":"closed","ping_status":"closed","sticky":false,"template":"","format":"standard","meta":{"footnotes":""},"categories":[58],"tags":[],"class_list":{"0":"post-139560","1":"post","2":"type-post","3":"status-publish","4":"format-standard","5":"has-post-thumbnail","7":"category-corrientes"},"_links":{"self":[{"href":"https:\/\/revistaesperanzas.com\/web\/wp-json\/wp\/v2\/posts\/139560","targetHints":{"allow":["GET"]}}],"collection":[{"href":"https:\/\/revistaesperanzas.com\/web\/wp-json\/wp\/v2\/posts"}],"about":[{"href":"https:\/\/revistaesperanzas.com\/web\/wp-json\/wp\/v2\/types\/post"}],"author":[{"embeddable":true,"href":"https:\/\/revistaesperanzas.com\/web\/wp-json\/wp\/v2\/users\/4"}],"replies":[{"embeddable":true,"href":"https:\/\/revistaesperanzas.com\/web\/wp-json\/wp\/v2\/comments?post=139560"}],"version-history":[{"count":2,"href":"https:\/\/revistaesperanzas.com\/web\/wp-json\/wp\/v2\/posts\/139560\/revisions"}],"predecessor-version":[{"id":139564,"href":"https:\/\/revistaesperanzas.com\/web\/wp-json\/wp\/v2\/posts\/139560\/revisions\/139564"}],"wp:featuredmedia":[{"embeddable":true,"href":"https:\/\/revistaesperanzas.com\/web\/wp-json\/wp\/v2\/media\/139561"}],"wp:attachment":[{"href":"https:\/\/revistaesperanzas.com\/web\/wp-json\/wp\/v2\/media?parent=139560"}],"wp:term":[{"taxonomy":"category","embeddable":true,"href":"https:\/\/revistaesperanzas.com\/web\/wp-json\/wp\/v2\/categories?post=139560"},{"taxonomy":"post_tag","embeddable":true,"href":"https:\/\/revistaesperanzas.com\/web\/wp-json\/wp\/v2\/tags?post=139560"}],"curies":[{"name":"wp","href":"https:\/\/api.w.org\/{rel}","templated":true}]}}