{"id":139586,"date":"2025-12-02T19:12:40","date_gmt":"2025-12-02T22:12:40","guid":{"rendered":"https:\/\/revistaesperanzas.com\/web\/?p=139586"},"modified":"2025-12-02T19:12:40","modified_gmt":"2025-12-02T22:12:40","slug":"pintando-la-navidad-en-familia-la-municipalidad-de-goya-invita-a-compartir-creatividad-y-espiritu-festivo","status":"publish","type":"post","link":"https:\/\/revistaesperanzas.com\/web\/2025\/12\/pintando-la-navidad-en-familia-la-municipalidad-de-goya-invita-a-compartir-creatividad-y-espiritu-festivo\/","title":{"rendered":"PINTANDO LA NAVIDAD EN FAMILIA: LA MUNICIPALIDAD DE GOYA INVITA A COMPARTIR CREATIVIDAD Y ESP\u00cdRITU FESTIVO"},"content":{"rendered":"<p style=\"font-weight: 400;\">La Municipalidad de Goya lanz\u00f3 una nueva edici\u00f3n de \u201cPintando la Navidad en Familia\u201d, una propuesta que ya se instal\u00f3 como una de las actividades m\u00e1s esperadas del mes de diciembre. Con el objetivo de conocer c\u00f3mo ven y viven la Navidad las familias goyanas, el<a href=\"https:\/\/revistaesperanzas.com\/web\/2025\/12\/pintando-la-navidad-en-familia-la-municipalidad-de-goya-invita-a-compartir-creatividad-y-espiritu-festivo\/pintando-en-familia\/\" rel=\"attachment wp-att-139588\"><img loading=\"lazy\" decoding=\"async\" class=\" wp-image-139588 alignright\" src=\"https:\/\/revistaesperanzas.com\/web\/wp-content\/uploads\/2025\/12\/pintando-en-familia.jpeg\" alt=\"\" width=\"350\" height=\"495\" srcset=\"https:\/\/revistaesperanzas.com\/web\/wp-content\/uploads\/2025\/12\/pintando-en-familia.jpeg 1131w, https:\/\/revistaesperanzas.com\/web\/wp-content\/uploads\/2025\/12\/pintando-en-familia-297x420.jpeg 297w, https:\/\/revistaesperanzas.com\/web\/wp-content\/uploads\/2025\/12\/pintando-en-familia-696x985.jpeg 696w, https:\/\/revistaesperanzas.com\/web\/wp-content\/uploads\/2025\/12\/pintando-en-familia-1068x1511.jpeg 1068w\" sizes=\"auto, (max-width: 350px) 100vw, 350px\" \/><\/a> municipio invita a participar de esta iniciativa que combina creatividad, uni\u00f3n y la magia propia de estas fechas.<\/p>\n<p style=\"font-weight: 400;\">Esta ser\u00e1 la 4\u00aa edici\u00f3n del concurso, que nuevamente convocar\u00e1 a hogares enteros a plasmar en un dibujo su manera de sentir y celebrar la Navidad. \u201cQueremos conocer la mirada de cada familia, c\u00f3mo viven estas fiestas y qu\u00e9 las hace especiales\u201d, expresaron desde la organizaci\u00f3n al presentar la actividad.<\/p>\n<p style=\"font-weight: 400;\">\u00bfC\u00d3MO PARTICIPAR?<\/p>\n<p style=\"font-weight: 400;\">Realizar un dibujo familiar que represente la forma en que viven la Navidad.<\/p>\n<p style=\"font-weight: 400;\">Entregar el trabajo en San Mart\u00edn 555, donde se recibir\u00e1n todas las producciones.<\/p>\n<p style=\"font-weight: 400;\">Quienes participen formar\u00e1n parte de un sorteo especial con atractivos premios: combos navide\u00f1os y entradas al Parque Acu\u00e1tico, ideales para disfrutar un d\u00eda lleno de diversi\u00f3n y compartir en familia.<\/p>\n<p style=\"font-weight: 400;\">FECHAS Y CIERRE DE LA CONVOCATORIA<\/p>\n<p style=\"font-weight: 400;\">La recepci\u00f3n de los dibujos se realizar\u00e1 del 8 al 18 de diciembre, invitando a todas las familias a sumarse a esta propuesta que pone en valor la creatividad, la expresi\u00f3n art\u00edstica y el esp\u00edritu navide\u00f1o que caracteriza estas fechas.<\/p>\n","protected":false},"excerpt":{"rendered":"<p>La Municipalidad de Goya lanz\u00f3 una nueva edici\u00f3n de \u201cPintando la Navidad en Familia\u201d, una propuesta que ya se instal\u00f3 como una de las actividades m\u00e1s esperadas del mes de diciembre. Con el objetivo de conocer c\u00f3mo ven y viven la Navidad las familias goyanas, el municipio invita a participar de esta iniciativa que combina [&hellip;]<\/p>\n","protected":false},"author":4,"featured_media":139587,"comment_status":"closed","ping_status":"closed","sticky":false,"template":"","format":"standard","meta":{"footnotes":""},"categories":[45],"tags":[],"class_list":{"0":"post-139586","1":"post","2":"type-post","3":"status-publish","4":"format-standard","5":"has-post-thumbnail","7":"category-locales"},"_links":{"self":[{"href":"https:\/\/revistaesperanzas.com\/web\/wp-json\/wp\/v2\/posts\/139586","targetHints":{"allow":["GET"]}}],"collection":[{"href":"https:\/\/revistaesperanzas.com\/web\/wp-json\/wp\/v2\/posts"}],"about":[{"href":"https:\/\/revistaesperanzas.com\/web\/wp-json\/wp\/v2\/types\/post"}],"author":[{"embeddable":true,"href":"https:\/\/revistaesperanzas.com\/web\/wp-json\/wp\/v2\/users\/4"}],"replies":[{"embeddable":true,"href":"https:\/\/revistaesperanzas.com\/web\/wp-json\/wp\/v2\/comments?post=139586"}],"version-history":[{"count":2,"href":"https:\/\/revistaesperanzas.com\/web\/wp-json\/wp\/v2\/posts\/139586\/revisions"}],"predecessor-version":[{"id":139590,"href":"https:\/\/revistaesperanzas.com\/web\/wp-json\/wp\/v2\/posts\/139586\/revisions\/139590"}],"wp:featuredmedia":[{"embeddable":true,"href":"https:\/\/revistaesperanzas.com\/web\/wp-json\/wp\/v2\/media\/139587"}],"wp:attachment":[{"href":"https:\/\/revistaesperanzas.com\/web\/wp-json\/wp\/v2\/media?parent=139586"}],"wp:term":[{"taxonomy":"category","embeddable":true,"href":"https:\/\/revistaesperanzas.com\/web\/wp-json\/wp\/v2\/categories?post=139586"},{"taxonomy":"post_tag","embeddable":true,"href":"https:\/\/revistaesperanzas.com\/web\/wp-json\/wp\/v2\/tags?post=139586"}],"curies":[{"name":"wp","href":"https:\/\/api.w.org\/{rel}","templated":true}]}}