{"id":139605,"date":"2025-12-02T19:27:27","date_gmt":"2025-12-02T22:27:27","guid":{"rendered":"https:\/\/revistaesperanzas.com\/web\/?p=139605"},"modified":"2025-12-02T19:27:27","modified_gmt":"2025-12-02T22:27:27","slug":"organizado-por-perfil-de-gastronomia-sector-cocina-de-la-escuela-municipal-antonio-villarreal","status":"publish","type":"post","link":"https:\/\/revistaesperanzas.com\/web\/2025\/12\/organizado-por-perfil-de-gastronomia-sector-cocina-de-la-escuela-municipal-antonio-villarreal\/","title":{"rendered":"ORGANIZADO POR PERFIL DE GASTRONOM\u00cdA: SECTOR COCINA, DE LA ESCUELA MUNICIPAL ANTONIO VILLARREAL"},"content":{"rendered":"<p style=\"font-weight: 400;\">Se llev\u00f3 a cabo la muestra y presentaci\u00f3n de Maridaje 2025, correspondiente al Perfil de Gastronom\u00eda: Sector Cocina, de la Escuela Municipal Antonio Villarreal, perteneciente a la<a href=\"https:\/\/revistaesperanzas.com\/web\/2025\/12\/organizado-por-perfil-de-gastronomia-sector-cocina-de-la-escuela-municipal-antonio-villarreal\/maridaje-1\/\" rel=\"attachment wp-att-139607\"><img loading=\"lazy\" decoding=\"async\" class=\" wp-image-139607 alignleft\" src=\"https:\/\/revistaesperanzas.com\/web\/wp-content\/uploads\/2025\/12\/maridaje-1.jpeg\" alt=\"\" width=\"281\" height=\"375\" srcset=\"https:\/\/revistaesperanzas.com\/web\/wp-content\/uploads\/2025\/12\/maridaje-1.jpeg 600w, https:\/\/revistaesperanzas.com\/web\/wp-content\/uploads\/2025\/12\/maridaje-1-315x420.jpeg 315w\" sizes=\"auto, (max-width: 281px) 100vw, 281px\" \/><\/a> Secretar\u00eda de Educaci\u00f3n.<\/p>\n<p style=\"font-weight: 400;\">Dicha exposici\u00f3n tiene como objetivo crear una experiencia sensorial, equilibrada y armoniosa donde cada elemento resalte las cualidades del otro; y as\u00ed, ampliar y consolidar los conocimientos del alumnado para que el aprendizaje sea m\u00e1s completo y significativo.<a href=\"https:\/\/revistaesperanzas.com\/web\/2025\/12\/organizado-por-perfil-de-gastronomia-sector-cocina-de-la-escuela-municipal-antonio-villarreal\/maridaje-4\/\" rel=\"attachment wp-att-139608\"><img loading=\"lazy\" decoding=\"async\" class=\" wp-image-139608 alignright\" src=\"https:\/\/revistaesperanzas.com\/web\/wp-content\/uploads\/2025\/12\/maridaje-4.jpeg\" alt=\"\" width=\"366\" height=\"244\" \/><\/a><\/p>\n<p style=\"font-weight: 400;\">El Perfil Profesional Gastron\u00f3mico, a cargo del Cheff Profesional: Cristian Ortigoza, se lleva a cabo de lunes a viernes en el establecimiento ubicado en la calle Neustadt N\u00b0181.<\/p>\n<p style=\"font-weight: 400;\">\n","protected":false},"excerpt":{"rendered":"<p>Se llev\u00f3 a cabo la muestra y presentaci\u00f3n de Maridaje 2025, correspondiente al Perfil de Gastronom\u00eda: Sector Cocina, de la Escuela Municipal Antonio Villarreal, perteneciente a la Secretar\u00eda de Educaci\u00f3n. Dicha exposici\u00f3n tiene como objetivo crear una experiencia sensorial, equilibrada y armoniosa donde cada elemento resalte las cualidades del otro; y as\u00ed, ampliar y consolidar [&hellip;]<\/p>\n","protected":false},"author":4,"featured_media":139606,"comment_status":"closed","ping_status":"closed","sticky":false,"template":"","format":"standard","meta":{"footnotes":""},"categories":[45],"tags":[],"class_list":{"0":"post-139605","1":"post","2":"type-post","3":"status-publish","4":"format-standard","5":"has-post-thumbnail","7":"category-locales"},"_links":{"self":[{"href":"https:\/\/revistaesperanzas.com\/web\/wp-json\/wp\/v2\/posts\/139605","targetHints":{"allow":["GET"]}}],"collection":[{"href":"https:\/\/revistaesperanzas.com\/web\/wp-json\/wp\/v2\/posts"}],"about":[{"href":"https:\/\/revistaesperanzas.com\/web\/wp-json\/wp\/v2\/types\/post"}],"author":[{"embeddable":true,"href":"https:\/\/revistaesperanzas.com\/web\/wp-json\/wp\/v2\/users\/4"}],"replies":[{"embeddable":true,"href":"https:\/\/revistaesperanzas.com\/web\/wp-json\/wp\/v2\/comments?post=139605"}],"version-history":[{"count":2,"href":"https:\/\/revistaesperanzas.com\/web\/wp-json\/wp\/v2\/posts\/139605\/revisions"}],"predecessor-version":[{"id":139610,"href":"https:\/\/revistaesperanzas.com\/web\/wp-json\/wp\/v2\/posts\/139605\/revisions\/139610"}],"wp:featuredmedia":[{"embeddable":true,"href":"https:\/\/revistaesperanzas.com\/web\/wp-json\/wp\/v2\/media\/139606"}],"wp:attachment":[{"href":"https:\/\/revistaesperanzas.com\/web\/wp-json\/wp\/v2\/media?parent=139605"}],"wp:term":[{"taxonomy":"category","embeddable":true,"href":"https:\/\/revistaesperanzas.com\/web\/wp-json\/wp\/v2\/categories?post=139605"},{"taxonomy":"post_tag","embeddable":true,"href":"https:\/\/revistaesperanzas.com\/web\/wp-json\/wp\/v2\/tags?post=139605"}],"curies":[{"name":"wp","href":"https:\/\/api.w.org\/{rel}","templated":true}]}}