{"id":139622,"date":"2025-12-02T19:39:43","date_gmt":"2025-12-02T22:39:43","guid":{"rendered":"https:\/\/revistaesperanzas.com\/web\/?p=139622"},"modified":"2025-12-02T19:39:43","modified_gmt":"2025-12-02T22:39:43","slug":"el-coro-polifonico-municipal-de-goya-elidia-andino-brillo-en-el-festival-internacional-curuzu-coral-2025","status":"publish","type":"post","link":"https:\/\/revistaesperanzas.com\/web\/2025\/12\/el-coro-polifonico-municipal-de-goya-elidia-andino-brillo-en-el-festival-internacional-curuzu-coral-2025\/","title":{"rendered":"EL CORO POLIF\u00d3NICO MUNICIPAL DE GOYA &#8220;ELIDIA ANDINO&#8221; BRILL\u00d3 EN EL FESTIVAL INTERNACIONAL &#8220;CURUZ\u00da CORAL 2025&#8221;"},"content":{"rendered":"<p style=\"font-weight: 400;\">Bajo la batuta de su directora, Elidia Andino, el Coro Polif\u00f3nico Municipal de Goya deslumbr\u00f3 en un encuentro de voces que trascendi\u00f3 fronteras.<\/p>\n<p style=\"font-weight: 400;\">El pasado s\u00e1bado 29 de noviembre, la Sala Cervantes de Curuz\u00fa Cuati\u00e1 se visti\u00f3 de gala para recibir al Festival &#8220;Curuz\u00fa Coral 2025&#8221;, un evento organizado por el Coro Polif\u00f3nico del Club Social de la ciudad. En su segunda edici\u00f3n, el festival reuni\u00f3 a destacadas agrupaciones corales, entre ellas el Coro Polif\u00f3nico Municipal &#8220;Elidia Andino&#8221; de Goya, el Coral Cantares de Paso de los Libres y el Grupo Coral Byblos de Salto, Uruguay, convirti\u00e9ndo en un encuentro de car\u00e1cter internacional.<a href=\"https:\/\/revistaesperanzas.com\/web\/2025\/12\/el-coro-polifonico-municipal-de-goya-elidia-andino-brillo-en-el-festival-internacional-curuzu-coral-2025\/coro-polifonico-en-encuentro-coral-curuzu-ilustracion-2\/\" rel=\"attachment wp-att-139624\"><img loading=\"lazy\" decoding=\"async\" class=\" wp-image-139624 alignleft\" src=\"https:\/\/revistaesperanzas.com\/web\/wp-content\/uploads\/2025\/12\/coro-polifonico-en-encuentro-coral-Curuzu-ilustracion-2.jpg\" alt=\"\" width=\"500\" height=\"499\" srcset=\"https:\/\/revistaesperanzas.com\/web\/wp-content\/uploads\/2025\/12\/coro-polifonico-en-encuentro-coral-Curuzu-ilustracion-2.jpg 600w, https:\/\/revistaesperanzas.com\/web\/wp-content\/uploads\/2025\/12\/coro-polifonico-en-encuentro-coral-Curuzu-ilustracion-2-421x420.jpg 421w\" sizes=\"auto, (max-width: 500px) 100vw, 500px\" \/><\/a><\/p>\n<p style=\"font-weight: 400;\">ENCUENTRO CORAL INTERNACIONAL<\/p>\n<p style=\"font-weight: 400;\">&#8220;El encuentro de coros ha sido muy lindo, importante en un marco de gente, p\u00fablico y otros coros, unidos por el canto. Estuvo regio&#8221;, expres\u00f3 con entusiasmo Elidia Andino, directora del coro goyano, en declaraciones radiales. &#8220;Hubo cuatro coros: el coro de Curuz\u00fa Cuati\u00e1, otro de Paso de los Libres, otro coro se baj\u00f3 y el coro de Salto, Uruguay, por eso se convirti\u00f3 en un encuentro internacional&#8221;, a\u00f1adi\u00f3.<\/p>\n<p style=\"font-weight: 400;\">Tambi\u00e9n elogi\u00f3 al coro de Salto, destacando la calidad y el talento de sus integrantes.<\/p>\n<p style=\"font-weight: 400;\">UNA FAMILIA CORAL<\/p>\n<p style=\"font-weight: 400;\">La directora goyana tambi\u00e9n se refiri\u00f3 a la particularidad de su propio coro: &#8220;En este momento el coro tiene 32 voces. Unen la masa coral, por supuesto nada es perfecto, somos seres humanos, pero es un hermoso grupo, es una familia coral que tenemos con todas las travesuras de una primaria, esa alegr\u00eda de vivir, porque el grupo del coro es hermoso. Ensayan porque yo insisto, y les comentaban a los otros coros, c\u00f3mo ensayan en forma intensa&#8221;, revel\u00f3.<\/p>\n<p style=\"font-weight: 400;\">REPERTORIO DEL CORO<\/p>\n<p style=\"font-weight: 400;\">En cuanto al repertorio que presentaron en el festival, la creadora y directora del coro de Goya, detall\u00f3: &#8220;Comenzamos diciendo que, en este mundo dif\u00edcil, violento, esta patria que duele, las comunicaciones que a veces son \u00e1speras, nosotros iniciamos como en todas las actuaciones, con \u201cDanos Paz Se\u00f1or\u201d, y lo hacemos a tres voces. Lo cantamos hace poco en la Casa de la Cultura, y aparte les recuerdo que cantamos \u201cGoya de Ensue\u00f1o&#8217; en la plaza, y lo hicimos en la plaza tambi\u00e9n, y en el festival de cine&#8221;.<\/p>\n<p style=\"font-weight: 400;\">&#8220;Luego cantamos \u201cCantar\u00e9 Cantar\u00e1s\u201d. Luego cantamos \u201cRecuerdos de Ypacara\u00ed\u201d, con teclado a cargo de Mariano Godoy. Luego cantamos \u201cAlfonsina\u201d, un cl\u00e1sico. Luego hicimos un popurr\u00ed donde hicimos fragmentos de distintos ritmos y temas, con solistas, guitarra a cargo de Mariano Godoy y percusi\u00f3n a cargo de Gabriel Chamorro. Tenemos los videos donde nos dicen, o ped\u00edan bises, nos pidieron, te juro que no estoy agrandada para nada, el m\u00e9rito es compartido con mi gente, \u00bfqu\u00e9 hago yo sin ellos? Por eso siempre digo gracias Goya, porque sin las voces \u00bfqu\u00e9 har\u00eda yo?&#8221;, relat\u00f3 con emoci\u00f3n.<\/p>\n<p style=\"font-weight: 400;\">Elidia Andino tambi\u00e9n destac\u00f3 la participaci\u00f3n del p\u00fablico en una de las canciones: &#8220;Hicimos luego \u201cAleluya\u201d, donde hicimos cantar un poquito al p\u00fablico, y gust\u00f3 mucho&#8221;.<\/p>\n<p style=\"font-weight: 400;\">COREUTAS UNIDOS: MASA CORAL<a href=\"https:\/\/revistaesperanzas.com\/web\/2025\/12\/el-coro-polifonico-municipal-de-goya-elidia-andino-brillo-en-el-festival-internacional-curuzu-coral-2025\/coro-polifonico-en-encuentro-coral-curuzu-ilustracion-3\/\" rel=\"attachment wp-att-139625\"><img loading=\"lazy\" decoding=\"async\" class=\" wp-image-139625 alignright\" src=\"https:\/\/revistaesperanzas.com\/web\/wp-content\/uploads\/2025\/12\/coro-polifonico-en-encuentro-coral-Curuzu-ilustracion-3.jpg\" alt=\"\" width=\"500\" height=\"321\" \/><\/a><\/p>\n<p style=\"font-weight: 400;\">Para el cierre del festival, todos los coros se unieron en una gran Masa Coral, dirigidos por el maestro Marcelo Cuenca, director del Coro de Curuz\u00fa Cuati\u00e1, para interpretar &#8220;La Adelita&#8221;. &#8220;La gente nos aplaud\u00eda, hac\u00edan palmas. Hay algo importante que es el afecto, la manera en que nos han recibido, fue un hermoso encuentro&#8221;, record\u00f3 Elidia con gratitud.<\/p>\n<p style=\"font-weight: 400;\">Con una trayectoria de m\u00e1s de 37 a\u00f1os al frente del coro, Elidia Andino coment\u00f3 sus inicios y su pasi\u00f3n por la m\u00fasica: &#8220;Estoy ahora desde julio del 2022, cuando C\u00e9sar Caneva me invita, y yo sacaba l\u00e1grimas y la pasaba regio. C\u00e9sar despu\u00e9s se fue, ya se hab\u00eda ido Gerardo Barrientos. Mi primer coro lo tuve a los 18 a\u00f1os en Quitilipi, Chaco, y en Goya hace 56 a\u00f1os estoy, siempre estuve en la Escuela Normal y en el 73 llev\u00e9 el coro de la escuela primaria 65, ah\u00ed hice cantar a Lisandro Stalla que estaba en sexto grado. \u00c9l cant\u00f3 un solo, en el 73&#8221;.<\/p>\n<p style=\"font-weight: 400;\">&#8220;El coro polif\u00f3nico empieza en la escuela normal y en el a\u00f1o 83, Horacio Carbone me propone hacerlo municipal y le pedimos a Soledad Vassel de Barrionuevo, me deja sacarlo de la escuela, me permiti\u00f3&#8221;, agreg\u00f3.<\/p>\n<p style=\"font-weight: 400;\">&#8220;El coro tiene 42 a\u00f1os, de los cuales, m\u00e1s de 37 a\u00f1os a mi cargo. Desde el 83 est\u00e1 el coro, luego dej\u00e9 5 a\u00f1os m\u00e1s o menos&#8221;, explic\u00f3.<\/p>\n<p style=\"font-weight: 400;\">EL \u00c9XITO SE BASA EN LA PACIENCIA Y LA COMPRENSI\u00d3N<\/p>\n<p style=\"font-weight: 400;\">La Directora y creadora del Coro Municipal revel\u00f3 el secreto de su \u00e9xito como directora: &#8220;Mi virtud es la paciencia, porque la gente que est\u00e1 en el coro, canta, baila, hace teatro, juega al Newcom, al sapo, hacen de todo, tengo que tener paciencia y la comprensi\u00f3n necesaria, en el tema de los horarios o en su condici\u00f3n f\u00edsica&#8221;.<\/p>\n","protected":false},"excerpt":{"rendered":"<p>Bajo la batuta de su directora, Elidia Andino, el Coro Polif\u00f3nico Municipal de Goya deslumbr\u00f3 en un encuentro de voces que trascendi\u00f3 fronteras. El pasado s\u00e1bado 29 de noviembre, la Sala Cervantes de Curuz\u00fa Cuati\u00e1 se visti\u00f3 de gala para recibir al Festival &#8220;Curuz\u00fa Coral 2025&#8221;, un evento organizado por el Coro Polif\u00f3nico del Club [&hellip;]<\/p>\n","protected":false},"author":4,"featured_media":139623,"comment_status":"closed","ping_status":"closed","sticky":false,"template":"","format":"standard","meta":{"footnotes":""},"categories":[45],"tags":[],"class_list":{"0":"post-139622","1":"post","2":"type-post","3":"status-publish","4":"format-standard","5":"has-post-thumbnail","7":"category-locales"},"_links":{"self":[{"href":"https:\/\/revistaesperanzas.com\/web\/wp-json\/wp\/v2\/posts\/139622","targetHints":{"allow":["GET"]}}],"collection":[{"href":"https:\/\/revistaesperanzas.com\/web\/wp-json\/wp\/v2\/posts"}],"about":[{"href":"https:\/\/revistaesperanzas.com\/web\/wp-json\/wp\/v2\/types\/post"}],"author":[{"embeddable":true,"href":"https:\/\/revistaesperanzas.com\/web\/wp-json\/wp\/v2\/users\/4"}],"replies":[{"embeddable":true,"href":"https:\/\/revistaesperanzas.com\/web\/wp-json\/wp\/v2\/comments?post=139622"}],"version-history":[{"count":2,"href":"https:\/\/revistaesperanzas.com\/web\/wp-json\/wp\/v2\/posts\/139622\/revisions"}],"predecessor-version":[{"id":139627,"href":"https:\/\/revistaesperanzas.com\/web\/wp-json\/wp\/v2\/posts\/139622\/revisions\/139627"}],"wp:featuredmedia":[{"embeddable":true,"href":"https:\/\/revistaesperanzas.com\/web\/wp-json\/wp\/v2\/media\/139623"}],"wp:attachment":[{"href":"https:\/\/revistaesperanzas.com\/web\/wp-json\/wp\/v2\/media?parent=139622"}],"wp:term":[{"taxonomy":"category","embeddable":true,"href":"https:\/\/revistaesperanzas.com\/web\/wp-json\/wp\/v2\/categories?post=139622"},{"taxonomy":"post_tag","embeddable":true,"href":"https:\/\/revistaesperanzas.com\/web\/wp-json\/wp\/v2\/tags?post=139622"}],"curies":[{"name":"wp","href":"https:\/\/api.w.org\/{rel}","templated":true}]}}