{"id":139657,"date":"2025-12-03T10:10:21","date_gmt":"2025-12-03T13:10:21","guid":{"rendered":"https:\/\/revistaesperanzas.com\/web\/?p=139657"},"modified":"2025-12-03T10:10:21","modified_gmt":"2025-12-03T13:10:21","slug":"luego-de-un-allanamiento-realizado-la-policia-de-corrientes-logra-un-trabajo-positivo","status":"publish","type":"post","link":"https:\/\/revistaesperanzas.com\/web\/2025\/12\/luego-de-un-allanamiento-realizado-la-policia-de-corrientes-logra-un-trabajo-positivo\/","title":{"rendered":"LUEGO DE UN ALLANAMIENTO REALIZADO, LA POLIC\u00cdA DE CORRIENTES LOGRA UN TRABAJO POSITIVO"},"content":{"rendered":"<p>ALVEAR\u00a0 &#8211;\u00a0 La Polic\u00eda tras diligenciar sendas \u00f3rdenes de allanamientos, logr\u00f3 avances en la investigaci\u00f3n de un hecho delictivo ocurrido d\u00edas atr\u00e1s, secuestr\u00f3 diversas cosas que guardar\u00edan relaci\u00f3n con el hecho y demoraron a un joven.<\/p>\n<p>Ayer 02-12-25, efectivos policiales de la Comisar\u00eda de distrito segunda de Alvear, continuando con las labores de investigaci\u00f3n en colaboraci\u00f3n con la unidad fiscal<a href=\"https:\/\/revistaesperanzas.com\/web\/2025\/12\/luego-de-un-allanamiento-realizado-la-policia-de-corrientes-logra-un-trabajo-positivo\/whatsapp-image-2025-12-03-at-08-34-25\/\" rel=\"attachment wp-att-139659\"><img loading=\"lazy\" decoding=\"async\" class=\" wp-image-139659 alignleft\" src=\"https:\/\/revistaesperanzas.com\/web\/wp-content\/uploads\/2025\/12\/WhatsApp-Image-2025-12-03-at-08.34.25.jpeg\" alt=\"\" width=\"501\" height=\"449\" srcset=\"https:\/\/revistaesperanzas.com\/web\/wp-content\/uploads\/2025\/12\/WhatsApp-Image-2025-12-03-at-08.34.25.jpeg 599w, https:\/\/revistaesperanzas.com\/web\/wp-content\/uploads\/2025\/12\/WhatsApp-Image-2025-12-03-at-08.34.25-468x420.jpeg 468w\" sizes=\"auto, (max-width: 501px) 100vw, 501px\" \/><\/a> interviniente, en el marco de un hecho delictivo perpetrado d\u00edas atr\u00e1s, luego de diligenciar sendas \u00f3rdenes de allanamientos, secuestraron diversas cosas y demoraron a un joven que podr\u00eda tener vinculaci\u00f3n con el hecho.<\/p>\n<p>Los distintos trabajos de investigaci\u00f3n desplegados, llev\u00f3 a los efectivos a diligenciar tres \u00f3rdenes de allanamientos en esa ciudad, para lo cual contaron con la valiosa colaboraci\u00f3n de sus pares de la Comisar\u00eda de distrito primera y Divisi\u00f3n Polic\u00eda de Alto Riesgo -P.A.R.- de Alvear, los cuales arrojaron el secuestro de un arma de fuego -rifle calibre 22.-, un tel\u00e9fono celular -marca Samsung-, un blus\u00f3n tipo t\u00e1ctico -T 50M-, cajas nuevas de celulares, -marca Motorala e14- e15-; y demoraron preventivamente a un joven de 20 a\u00f1os de edad, a fin de determinar si tendr\u00eda vinculaci\u00f3n o no con el hecho, en tanto, otro sujeto huy\u00f3 del lugar por zona de montes del paraje, dejando en su huida evidencias de su presunta vinculaci\u00f3n al hecho.<\/p>\n<p>El joven y lo secuestrado fueron puestos a disposici\u00f3n de la autoridad fiscal interviniente, siendo trasladados a la citada dependencia policial donde se prosigue con los tramites del caso.<\/p>\n","protected":false},"excerpt":{"rendered":"<p>ALVEAR\u00a0 &#8211;\u00a0 La Polic\u00eda tras diligenciar sendas \u00f3rdenes de allanamientos, logr\u00f3 avances en la investigaci\u00f3n de un hecho delictivo ocurrido d\u00edas atr\u00e1s, secuestr\u00f3 diversas cosas que guardar\u00edan relaci\u00f3n con el hecho y demoraron a un joven. Ayer 02-12-25, efectivos policiales de la Comisar\u00eda de distrito segunda de Alvear, continuando con las labores de investigaci\u00f3n en [&hellip;]<\/p>\n","protected":false},"author":4,"featured_media":139658,"comment_status":"closed","ping_status":"closed","sticky":false,"template":"","format":"standard","meta":{"footnotes":""},"categories":[58],"tags":[],"class_list":{"0":"post-139657","1":"post","2":"type-post","3":"status-publish","4":"format-standard","5":"has-post-thumbnail","7":"category-corrientes"},"_links":{"self":[{"href":"https:\/\/revistaesperanzas.com\/web\/wp-json\/wp\/v2\/posts\/139657","targetHints":{"allow":["GET"]}}],"collection":[{"href":"https:\/\/revistaesperanzas.com\/web\/wp-json\/wp\/v2\/posts"}],"about":[{"href":"https:\/\/revistaesperanzas.com\/web\/wp-json\/wp\/v2\/types\/post"}],"author":[{"embeddable":true,"href":"https:\/\/revistaesperanzas.com\/web\/wp-json\/wp\/v2\/users\/4"}],"replies":[{"embeddable":true,"href":"https:\/\/revistaesperanzas.com\/web\/wp-json\/wp\/v2\/comments?post=139657"}],"version-history":[{"count":2,"href":"https:\/\/revistaesperanzas.com\/web\/wp-json\/wp\/v2\/posts\/139657\/revisions"}],"predecessor-version":[{"id":139661,"href":"https:\/\/revistaesperanzas.com\/web\/wp-json\/wp\/v2\/posts\/139657\/revisions\/139661"}],"wp:featuredmedia":[{"embeddable":true,"href":"https:\/\/revistaesperanzas.com\/web\/wp-json\/wp\/v2\/media\/139658"}],"wp:attachment":[{"href":"https:\/\/revistaesperanzas.com\/web\/wp-json\/wp\/v2\/media?parent=139657"}],"wp:term":[{"taxonomy":"category","embeddable":true,"href":"https:\/\/revistaesperanzas.com\/web\/wp-json\/wp\/v2\/categories?post=139657"},{"taxonomy":"post_tag","embeddable":true,"href":"https:\/\/revistaesperanzas.com\/web\/wp-json\/wp\/v2\/tags?post=139657"}],"curies":[{"name":"wp","href":"https:\/\/api.w.org\/{rel}","templated":true}]}}