{"id":139671,"date":"2025-12-03T10:19:20","date_gmt":"2025-12-03T13:19:20","guid":{"rendered":"https:\/\/revistaesperanzas.com\/web\/?p=139671"},"modified":"2025-12-03T10:19:20","modified_gmt":"2025-12-03T13:19:20","slug":"pena-literaria-y-musical-ramon-orlando-mendoza-presenta-sus-dos-ultimos-libros","status":"publish","type":"post","link":"https:\/\/revistaesperanzas.com\/web\/2025\/12\/pena-literaria-y-musical-ramon-orlando-mendoza-presenta-sus-dos-ultimos-libros\/","title":{"rendered":"PE\u00d1A LITERARIA Y MUSICAL: RAM\u00d3N ORLANDO MENDOZA PRESENTA SUS DOS \u00daLTIMOS LIBROS"},"content":{"rendered":"<p style=\"font-weight: 400;\">La Municipalidad de Goya, a trav\u00e9s de la Direcci\u00f3n de Cultura, invita a la Pe\u00f1a Literaria y Musical que se realizar\u00e1 este s\u00e1bado 6 de diciembre, a las 21 horas, en la Casa de la Cultura. La entrada ser\u00e1 libre y gratuita.<\/p>\n<p style=\"font-weight: 400;\">En esta edici\u00f3n, Ram\u00f3n Orlando Mendoza presentar\u00e1 sus dos \u00faltimos libros y compartir\u00e1 con el p\u00fablico detalles sobre su proceso creativo. El encuentro busca reunir a escritores, m\u00fasicos y vecinos en un espacio de intercambio cultural.<\/p>\n<p style=\"font-weight: 400;\">El evento contar\u00e1 con servicio de cantina para disfrutar la velada en un ambiente distendido. Desde la Direcci\u00f3n de Cultura invitaron a acompa\u00f1ar esta propuesta que valora el talento local.<\/p>\n<p style=\"font-weight: 400;\">La cita es este s\u00e1bado: una noche para celebrar la literatura, la m\u00fasica y el trabajo de Ram\u00f3n Orlando Mendoza.<\/p>\n<p style=\"font-weight: 400;\">\n","protected":false},"excerpt":{"rendered":"<p>La Municipalidad de Goya, a trav\u00e9s de la Direcci\u00f3n de Cultura, invita a la Pe\u00f1a Literaria y Musical que se realizar\u00e1 este s\u00e1bado 6 de diciembre, a las 21 horas, en la Casa de la Cultura. La entrada ser\u00e1 libre y gratuita. En esta edici\u00f3n, Ram\u00f3n Orlando Mendoza presentar\u00e1 sus dos \u00faltimos libros y compartir\u00e1 [&hellip;]<\/p>\n","protected":false},"author":4,"featured_media":139672,"comment_status":"closed","ping_status":"closed","sticky":false,"template":"","format":"standard","meta":{"footnotes":""},"categories":[45],"tags":[],"class_list":{"0":"post-139671","1":"post","2":"type-post","3":"status-publish","4":"format-standard","5":"has-post-thumbnail","7":"category-locales"},"_links":{"self":[{"href":"https:\/\/revistaesperanzas.com\/web\/wp-json\/wp\/v2\/posts\/139671","targetHints":{"allow":["GET"]}}],"collection":[{"href":"https:\/\/revistaesperanzas.com\/web\/wp-json\/wp\/v2\/posts"}],"about":[{"href":"https:\/\/revistaesperanzas.com\/web\/wp-json\/wp\/v2\/types\/post"}],"author":[{"embeddable":true,"href":"https:\/\/revistaesperanzas.com\/web\/wp-json\/wp\/v2\/users\/4"}],"replies":[{"embeddable":true,"href":"https:\/\/revistaesperanzas.com\/web\/wp-json\/wp\/v2\/comments?post=139671"}],"version-history":[{"count":1,"href":"https:\/\/revistaesperanzas.com\/web\/wp-json\/wp\/v2\/posts\/139671\/revisions"}],"predecessor-version":[{"id":139673,"href":"https:\/\/revistaesperanzas.com\/web\/wp-json\/wp\/v2\/posts\/139671\/revisions\/139673"}],"wp:featuredmedia":[{"embeddable":true,"href":"https:\/\/revistaesperanzas.com\/web\/wp-json\/wp\/v2\/media\/139672"}],"wp:attachment":[{"href":"https:\/\/revistaesperanzas.com\/web\/wp-json\/wp\/v2\/media?parent=139671"}],"wp:term":[{"taxonomy":"category","embeddable":true,"href":"https:\/\/revistaesperanzas.com\/web\/wp-json\/wp\/v2\/categories?post=139671"},{"taxonomy":"post_tag","embeddable":true,"href":"https:\/\/revistaesperanzas.com\/web\/wp-json\/wp\/v2\/tags?post=139671"}],"curies":[{"name":"wp","href":"https:\/\/api.w.org\/{rel}","templated":true}]}}