{"id":139681,"date":"2025-12-03T10:26:26","date_gmt":"2025-12-03T13:26:26","guid":{"rendered":"https:\/\/revistaesperanzas.com\/web\/?p=139681"},"modified":"2025-12-03T10:26:26","modified_gmt":"2025-12-03T13:26:26","slug":"xxx-encuentro-de-meditacion-sanacion-y-expansion-en-la-casa-de-la-cultura","status":"publish","type":"post","link":"https:\/\/revistaesperanzas.com\/web\/2025\/12\/xxx-encuentro-de-meditacion-sanacion-y-expansion-en-la-casa-de-la-cultura\/","title":{"rendered":"XXX ENCUENTRO DE MEDITACI\u00d3N, SANACI\u00d3N Y EXPANSI\u00d3N EN LA CASA DE LA CULTURA"},"content":{"rendered":"<p style=\"font-weight: 400;\">Este viernes 5 de diciembre, desde las 19 horas, la Comunidad Terap\u00e9utica Conexi\u00f3n Natural realizar\u00e1 su XXX Encuentro de Meditaci\u00f3n, Sanaci\u00f3n y Expansi\u00f3n en la Casa de la Cultura, con el acompa\u00f1amiento de la Direcci\u00f3n de Cultura de la Municipalidad de Goya.<\/p>\n<p style=\"font-weight: 400;\">La actividad, con acceso libre y gratuito, propone el lema \u201cLa salida es hacia dentro\u201d y marcar\u00e1 el cierre del ciclo 2025.<\/p>\n<p style=\"font-weight: 400;\">Se invita a toda la comunidad a participar de este espacio de conexi\u00f3n y reflexi\u00f3n.<\/p>\n<p style=\"font-weight: 400;\">\n","protected":false},"excerpt":{"rendered":"<p>Este viernes 5 de diciembre, desde las 19 horas, la Comunidad Terap\u00e9utica Conexi\u00f3n Natural realizar\u00e1 su XXX Encuentro de Meditaci\u00f3n, Sanaci\u00f3n y Expansi\u00f3n en la Casa de la Cultura, con el acompa\u00f1amiento de la Direcci\u00f3n de Cultura de la Municipalidad de Goya. La actividad, con acceso libre y gratuito, propone el lema \u201cLa salida es [&hellip;]<\/p>\n","protected":false},"author":4,"featured_media":139682,"comment_status":"closed","ping_status":"closed","sticky":false,"template":"","format":"standard","meta":{"footnotes":""},"categories":[45],"tags":[],"class_list":{"0":"post-139681","1":"post","2":"type-post","3":"status-publish","4":"format-standard","5":"has-post-thumbnail","7":"category-locales"},"_links":{"self":[{"href":"https:\/\/revistaesperanzas.com\/web\/wp-json\/wp\/v2\/posts\/139681","targetHints":{"allow":["GET"]}}],"collection":[{"href":"https:\/\/revistaesperanzas.com\/web\/wp-json\/wp\/v2\/posts"}],"about":[{"href":"https:\/\/revistaesperanzas.com\/web\/wp-json\/wp\/v2\/types\/post"}],"author":[{"embeddable":true,"href":"https:\/\/revistaesperanzas.com\/web\/wp-json\/wp\/v2\/users\/4"}],"replies":[{"embeddable":true,"href":"https:\/\/revistaesperanzas.com\/web\/wp-json\/wp\/v2\/comments?post=139681"}],"version-history":[{"count":1,"href":"https:\/\/revistaesperanzas.com\/web\/wp-json\/wp\/v2\/posts\/139681\/revisions"}],"predecessor-version":[{"id":139683,"href":"https:\/\/revistaesperanzas.com\/web\/wp-json\/wp\/v2\/posts\/139681\/revisions\/139683"}],"wp:featuredmedia":[{"embeddable":true,"href":"https:\/\/revistaesperanzas.com\/web\/wp-json\/wp\/v2\/media\/139682"}],"wp:attachment":[{"href":"https:\/\/revistaesperanzas.com\/web\/wp-json\/wp\/v2\/media?parent=139681"}],"wp:term":[{"taxonomy":"category","embeddable":true,"href":"https:\/\/revistaesperanzas.com\/web\/wp-json\/wp\/v2\/categories?post=139681"},{"taxonomy":"post_tag","embeddable":true,"href":"https:\/\/revistaesperanzas.com\/web\/wp-json\/wp\/v2\/tags?post=139681"}],"curies":[{"name":"wp","href":"https:\/\/api.w.org\/{rel}","templated":true}]}}