{"id":139684,"date":"2025-12-03T10:27:43","date_gmt":"2025-12-03T13:27:43","guid":{"rendered":"https:\/\/revistaesperanzas.com\/web\/?p=139684"},"modified":"2025-12-03T10:27:43","modified_gmt":"2025-12-03T13:27:43","slug":"viviana-rolon-presenta-la-voz-de-mi-silencio-en-la-casa-de-la-cultura","status":"publish","type":"post","link":"https:\/\/revistaesperanzas.com\/web\/2025\/12\/viviana-rolon-presenta-la-voz-de-mi-silencio-en-la-casa-de-la-cultura\/","title":{"rendered":"VIVIANA ROL\u00d3N PRESENTA \u201cLA VOZ DE MI SILENCIO\u201d EN LA CASA DE LA CULTURA"},"content":{"rendered":"<p style=\"font-weight: 400;\">La escritora goyana Viviana Rol\u00f3n presentar\u00e1 ma\u00f1ana jueves 4 de diciembre, a las 20 horas, su libro \u201cLa Voz de mi Silencio\u201d en la Casa de la Cultura.<\/p>\n<p style=\"font-weight: 400;\">El evento cuenta con el acompa\u00f1amiento de la Municipalidad de Goya, a trav\u00e9s de la Direcci\u00f3n de Cultura. Tras la presentaci\u00f3n, la autora firmar\u00e1 ejemplares y compartir\u00e1 un intercambio con el p\u00fablico presente.<\/p>\n<p style=\"font-weight: 400;\">Una oportunidad para conocer de cerca la nueva obra de una autora local y disfrutar de un encuentro literario abierto a toda la comunidad.<\/p>\n<p style=\"font-weight: 400;\">\n","protected":false},"excerpt":{"rendered":"<p>La escritora goyana Viviana Rol\u00f3n presentar\u00e1 ma\u00f1ana jueves 4 de diciembre, a las 20 horas, su libro \u201cLa Voz de mi Silencio\u201d en la Casa de la Cultura. El evento cuenta con el acompa\u00f1amiento de la Municipalidad de Goya, a trav\u00e9s de la Direcci\u00f3n de Cultura. Tras la presentaci\u00f3n, la autora firmar\u00e1 ejemplares y compartir\u00e1 [&hellip;]<\/p>\n","protected":false},"author":4,"featured_media":139685,"comment_status":"closed","ping_status":"closed","sticky":false,"template":"","format":"standard","meta":{"footnotes":""},"categories":[45],"tags":[],"class_list":{"0":"post-139684","1":"post","2":"type-post","3":"status-publish","4":"format-standard","5":"has-post-thumbnail","7":"category-locales"},"_links":{"self":[{"href":"https:\/\/revistaesperanzas.com\/web\/wp-json\/wp\/v2\/posts\/139684","targetHints":{"allow":["GET"]}}],"collection":[{"href":"https:\/\/revistaesperanzas.com\/web\/wp-json\/wp\/v2\/posts"}],"about":[{"href":"https:\/\/revistaesperanzas.com\/web\/wp-json\/wp\/v2\/types\/post"}],"author":[{"embeddable":true,"href":"https:\/\/revistaesperanzas.com\/web\/wp-json\/wp\/v2\/users\/4"}],"replies":[{"embeddable":true,"href":"https:\/\/revistaesperanzas.com\/web\/wp-json\/wp\/v2\/comments?post=139684"}],"version-history":[{"count":1,"href":"https:\/\/revistaesperanzas.com\/web\/wp-json\/wp\/v2\/posts\/139684\/revisions"}],"predecessor-version":[{"id":139686,"href":"https:\/\/revistaesperanzas.com\/web\/wp-json\/wp\/v2\/posts\/139684\/revisions\/139686"}],"wp:featuredmedia":[{"embeddable":true,"href":"https:\/\/revistaesperanzas.com\/web\/wp-json\/wp\/v2\/media\/139685"}],"wp:attachment":[{"href":"https:\/\/revistaesperanzas.com\/web\/wp-json\/wp\/v2\/media?parent=139684"}],"wp:term":[{"taxonomy":"category","embeddable":true,"href":"https:\/\/revistaesperanzas.com\/web\/wp-json\/wp\/v2\/categories?post=139684"},{"taxonomy":"post_tag","embeddable":true,"href":"https:\/\/revistaesperanzas.com\/web\/wp-json\/wp\/v2\/tags?post=139684"}],"curies":[{"name":"wp","href":"https:\/\/api.w.org\/{rel}","templated":true}]}}