{"id":139712,"date":"2025-12-03T13:18:40","date_gmt":"2025-12-03T16:18:40","guid":{"rendered":"https:\/\/revistaesperanzas.com\/web\/?p=139712"},"modified":"2025-12-03T13:18:40","modified_gmt":"2025-12-03T16:18:40","slug":"dos-animales-lista-para-ser-faenados-son-retirados-del-lugar-por-la-policia-de-corrientes","status":"publish","type":"post","link":"https:\/\/revistaesperanzas.com\/web\/2025\/12\/dos-animales-lista-para-ser-faenados-son-retirados-del-lugar-por-la-policia-de-corrientes\/","title":{"rendered":"DOS ANIMALES LISTA PARA SER FAENADOS SON RETIRADOS DEL LUGAR POR LA POLIC\u00cdA DE CORRIENTES"},"content":{"rendered":"<p>PARAJE LOS VENCES\u00a0 &#8211;\u00a0 La Polic\u00eda en un r\u00e1pido accionar, logr\u00f3 hallar y recuperar dos animales vacunos que se presume que iban a ser faenados por personas que intentaban cometer un hecho de abigeato<\/p>\n<p>En horas del mediod\u00eda de ayer 02-12-25, efectivos policiales de la de la Unidad especial de Seguridad rural y ecol\u00f3gica de General Paz, tras ser alertados por un productor rural, en un r\u00e1pido y eficaz accionar, lograron hallar dos animales vacunos atados, que se presume iban a ser faenados por personas de identidad desconocida.<\/p>\n<p>El procedimiento lo realizaron los citados polic\u00edas, luego de tomar conocimiento, que el productor habr\u00eda notado rastros de arrastre y pisadas dentro de su campo, por lo que los mencionados efectivos se dirigen de inmediato al lugar, y tras el seguimiento de los rastros \u2014frescos y recientes\u2014 que correspond\u00edan a tres equinos y dos animales vacunos, los cuales se presume eran llevados hacia un campo abierto.<\/p>\n<p>Tal es as\u00ed, que en medio de una zona de abundante vegetaci\u00f3n, los efectivos hallaron dos vaquillas atadas a un \u00e1rbol, y que se presume se encontrar\u00edan listas para ser faenadas.<br \/>\nAl respecto, en la citada dependencia policial se prosigue con los tr\u00e1mites del caso.<\/p>\n","protected":false},"excerpt":{"rendered":"<p>PARAJE LOS VENCES\u00a0 &#8211;\u00a0 La Polic\u00eda en un r\u00e1pido accionar, logr\u00f3 hallar y recuperar dos animales vacunos que se presume que iban a ser faenados por personas que intentaban cometer un hecho de abigeato En horas del mediod\u00eda de ayer 02-12-25, efectivos policiales de la de la Unidad especial de Seguridad rural y ecol\u00f3gica de [&hellip;]<\/p>\n","protected":false},"author":4,"featured_media":139713,"comment_status":"closed","ping_status":"closed","sticky":false,"template":"","format":"standard","meta":{"footnotes":""},"categories":[58],"tags":[],"class_list":{"0":"post-139712","1":"post","2":"type-post","3":"status-publish","4":"format-standard","5":"has-post-thumbnail","7":"category-corrientes"},"_links":{"self":[{"href":"https:\/\/revistaesperanzas.com\/web\/wp-json\/wp\/v2\/posts\/139712","targetHints":{"allow":["GET"]}}],"collection":[{"href":"https:\/\/revistaesperanzas.com\/web\/wp-json\/wp\/v2\/posts"}],"about":[{"href":"https:\/\/revistaesperanzas.com\/web\/wp-json\/wp\/v2\/types\/post"}],"author":[{"embeddable":true,"href":"https:\/\/revistaesperanzas.com\/web\/wp-json\/wp\/v2\/users\/4"}],"replies":[{"embeddable":true,"href":"https:\/\/revistaesperanzas.com\/web\/wp-json\/wp\/v2\/comments?post=139712"}],"version-history":[{"count":1,"href":"https:\/\/revistaesperanzas.com\/web\/wp-json\/wp\/v2\/posts\/139712\/revisions"}],"predecessor-version":[{"id":139714,"href":"https:\/\/revistaesperanzas.com\/web\/wp-json\/wp\/v2\/posts\/139712\/revisions\/139714"}],"wp:featuredmedia":[{"embeddable":true,"href":"https:\/\/revistaesperanzas.com\/web\/wp-json\/wp\/v2\/media\/139713"}],"wp:attachment":[{"href":"https:\/\/revistaesperanzas.com\/web\/wp-json\/wp\/v2\/media?parent=139712"}],"wp:term":[{"taxonomy":"category","embeddable":true,"href":"https:\/\/revistaesperanzas.com\/web\/wp-json\/wp\/v2\/categories?post=139712"},{"taxonomy":"post_tag","embeddable":true,"href":"https:\/\/revistaesperanzas.com\/web\/wp-json\/wp\/v2\/tags?post=139712"}],"curies":[{"name":"wp","href":"https:\/\/api.w.org\/{rel}","templated":true}]}}