{"id":139715,"date":"2025-12-03T13:22:08","date_gmt":"2025-12-03T16:22:08","guid":{"rendered":"https:\/\/revistaesperanzas.com\/web\/?p=139715"},"modified":"2025-12-03T18:54:40","modified_gmt":"2025-12-03T21:54:40","slug":"139715","status":"publish","type":"post","link":"https:\/\/revistaesperanzas.com\/web\/2025\/12\/139715\/","title":{"rendered":"LA POLICIA DE CORRIENTES DEMORA DOS VEH\u00cdCULOS CON TRAILER QUE TRANSPORTABAN ANIMALES VACUNOS"},"content":{"rendered":"<p>CONCEPCI\u00d3N &#8211; La Polic\u00eda demor\u00f3 a dos vehiculos con trailler que transportaban animales vacunos sin la correspondiente documentaci\u00f3n<\/p>\n<p>Ayer 02-12-25, efectivos policiales de la unidad especial de Seguridad rural y ecol\u00f3gica de Concepci\u00f3n, en momentos en que realizaban operativos de control de vehiculos e identificacion de personas, detuvieron la marcha de dos vehiculos con trailler que transportaban animales vacunos sin la correspondiente documentacion.<a href=\"https:\/\/revistaesperanzas.com\/web\/2025\/12\/139715\/whatsapp-image-2025-12-03-at-11-39-47\/\" rel=\"attachment wp-att-139717\"><img loading=\"lazy\" decoding=\"async\" class=\" wp-image-139717 alignleft\" src=\"https:\/\/revistaesperanzas.com\/web\/wp-content\/uploads\/2025\/12\/WhatsApp-Image-2025-12-03-at-11.39.47.jpeg\" alt=\"\" width=\"501\" height=\"310\" srcset=\"https:\/\/revistaesperanzas.com\/web\/wp-content\/uploads\/2025\/12\/WhatsApp-Image-2025-12-03-at-11.39.47.jpeg 600w, https:\/\/revistaesperanzas.com\/web\/wp-content\/uploads\/2025\/12\/WhatsApp-Image-2025-12-03-at-11.39.47-356x220.jpeg 356w\" sizes=\"auto, (max-width: 501px) 100vw, 501px\" \/><\/a><\/p>\n<p>Los procedimientos lo realizaron los mencionados polic\u00edas, cuando realizando sus labores de contralor, detuvieron la marcha de dos camionetas que remolcaba tr\u00e1ilers con animales vacunos sin la documentaci\u00f3n obligatoria para hacerlo, en este sentido, si bien, los responsables presentaron luego los papeles y se justific\u00f3 la procedencia legal, ya se hab\u00eda cometido una infracci\u00f3n.<\/p>\n<p>Ante tal circunstancia se labraron las actuaciones administrativas correspondientes por supuesta infraccion al Art. 82\u00b0 del C\u00f3digo de Faltas y la Resoluci\u00f3n N\u00b0 09\/25, en tanto, en la citada dependencia policial se prosigue con los tramites del caso.<\/p>\n","protected":false},"excerpt":{"rendered":"<p>CONCEPCI\u00d3N &#8211; La Polic\u00eda demor\u00f3 a dos vehiculos con trailler que transportaban animales vacunos sin la correspondiente documentaci\u00f3n Ayer 02-12-25, efectivos policiales de la unidad especial de Seguridad rural y ecol\u00f3gica de Concepci\u00f3n, en momentos en que realizaban operativos de control de vehiculos e identificacion de personas, detuvieron la marcha de dos vehiculos con trailler [&hellip;]<\/p>\n","protected":false},"author":4,"featured_media":139716,"comment_status":"closed","ping_status":"closed","sticky":false,"template":"","format":"standard","meta":{"footnotes":""},"categories":[58],"tags":[],"class_list":{"0":"post-139715","1":"post","2":"type-post","3":"status-publish","4":"format-standard","5":"has-post-thumbnail","7":"category-corrientes"},"_links":{"self":[{"href":"https:\/\/revistaesperanzas.com\/web\/wp-json\/wp\/v2\/posts\/139715","targetHints":{"allow":["GET"]}}],"collection":[{"href":"https:\/\/revistaesperanzas.com\/web\/wp-json\/wp\/v2\/posts"}],"about":[{"href":"https:\/\/revistaesperanzas.com\/web\/wp-json\/wp\/v2\/types\/post"}],"author":[{"embeddable":true,"href":"https:\/\/revistaesperanzas.com\/web\/wp-json\/wp\/v2\/users\/4"}],"replies":[{"embeddable":true,"href":"https:\/\/revistaesperanzas.com\/web\/wp-json\/wp\/v2\/comments?post=139715"}],"version-history":[{"count":3,"href":"https:\/\/revistaesperanzas.com\/web\/wp-json\/wp\/v2\/posts\/139715\/revisions"}],"predecessor-version":[{"id":139730,"href":"https:\/\/revistaesperanzas.com\/web\/wp-json\/wp\/v2\/posts\/139715\/revisions\/139730"}],"wp:featuredmedia":[{"embeddable":true,"href":"https:\/\/revistaesperanzas.com\/web\/wp-json\/wp\/v2\/media\/139716"}],"wp:attachment":[{"href":"https:\/\/revistaesperanzas.com\/web\/wp-json\/wp\/v2\/media?parent=139715"}],"wp:term":[{"taxonomy":"category","embeddable":true,"href":"https:\/\/revistaesperanzas.com\/web\/wp-json\/wp\/v2\/categories?post=139715"},{"taxonomy":"post_tag","embeddable":true,"href":"https:\/\/revistaesperanzas.com\/web\/wp-json\/wp\/v2\/tags?post=139715"}],"curies":[{"name":"wp","href":"https:\/\/api.w.org\/{rel}","templated":true}]}}