{"id":139743,"date":"2025-12-03T19:16:25","date_gmt":"2025-12-03T22:16:25","guid":{"rendered":"https:\/\/revistaesperanzas.com\/web\/?p=139743"},"modified":"2025-12-03T19:16:25","modified_gmt":"2025-12-03T22:16:25","slug":"acto-entrega-de-certificados-y-muestra-artistica-escuela-municipal-de-artes-plasticas","status":"publish","type":"post","link":"https:\/\/revistaesperanzas.com\/web\/2025\/12\/acto-entrega-de-certificados-y-muestra-artistica-escuela-municipal-de-artes-plasticas\/","title":{"rendered":"ACTO ENTREGA DE CERTIFICADOS Y MUESTRA ART\u00cdSTICA ESCUELA MUNICIPAL DE ARTES PL\u00c1STICAS"},"content":{"rendered":"<p style=\"font-weight: 400;\">Este jueves 4 de diciembre, la Escuela Municipal de Artes Pl\u00e1sticas \u201cProfesor Justo Guti\u00e9rrez\u201d realizar\u00e1 en su edificio institucional el Acto de entrega de certificados, acompa\u00f1ado de una muestra art\u00edstica creada por sus estudiantes.<\/p>\n<p style=\"font-weight: 400;\">Desde las 19 horas la comunidad escolar invita a compartir este encuentro donde el arte, el esfuerzo y la creatividad de los alumnos se hacen protagonistas.<\/p>\n<p style=\"font-weight: 400;\">\u00a1Los esperamos!<\/p>\n","protected":false},"excerpt":{"rendered":"<p>Este jueves 4 de diciembre, la Escuela Municipal de Artes Pl\u00e1sticas \u201cProfesor Justo Guti\u00e9rrez\u201d realizar\u00e1 en su edificio institucional el Acto de entrega de certificados, acompa\u00f1ado de una muestra art\u00edstica creada por sus estudiantes. Desde las 19 horas la comunidad escolar invita a compartir este encuentro donde el arte, el esfuerzo y la creatividad de [&hellip;]<\/p>\n","protected":false},"author":4,"featured_media":139744,"comment_status":"closed","ping_status":"closed","sticky":false,"template":"","format":"standard","meta":{"footnotes":""},"categories":[45],"tags":[],"class_list":{"0":"post-139743","1":"post","2":"type-post","3":"status-publish","4":"format-standard","5":"has-post-thumbnail","7":"category-locales"},"_links":{"self":[{"href":"https:\/\/revistaesperanzas.com\/web\/wp-json\/wp\/v2\/posts\/139743","targetHints":{"allow":["GET"]}}],"collection":[{"href":"https:\/\/revistaesperanzas.com\/web\/wp-json\/wp\/v2\/posts"}],"about":[{"href":"https:\/\/revistaesperanzas.com\/web\/wp-json\/wp\/v2\/types\/post"}],"author":[{"embeddable":true,"href":"https:\/\/revistaesperanzas.com\/web\/wp-json\/wp\/v2\/users\/4"}],"replies":[{"embeddable":true,"href":"https:\/\/revistaesperanzas.com\/web\/wp-json\/wp\/v2\/comments?post=139743"}],"version-history":[{"count":1,"href":"https:\/\/revistaesperanzas.com\/web\/wp-json\/wp\/v2\/posts\/139743\/revisions"}],"predecessor-version":[{"id":139745,"href":"https:\/\/revistaesperanzas.com\/web\/wp-json\/wp\/v2\/posts\/139743\/revisions\/139745"}],"wp:featuredmedia":[{"embeddable":true,"href":"https:\/\/revistaesperanzas.com\/web\/wp-json\/wp\/v2\/media\/139744"}],"wp:attachment":[{"href":"https:\/\/revistaesperanzas.com\/web\/wp-json\/wp\/v2\/media?parent=139743"}],"wp:term":[{"taxonomy":"category","embeddable":true,"href":"https:\/\/revistaesperanzas.com\/web\/wp-json\/wp\/v2\/categories?post=139743"},{"taxonomy":"post_tag","embeddable":true,"href":"https:\/\/revistaesperanzas.com\/web\/wp-json\/wp\/v2\/tags?post=139743"}],"curies":[{"name":"wp","href":"https:\/\/api.w.org\/{rel}","templated":true}]}}