{"id":139746,"date":"2025-12-03T19:18:28","date_gmt":"2025-12-03T22:18:28","guid":{"rendered":"https:\/\/revistaesperanzas.com\/web\/?p=139746"},"modified":"2025-12-03T19:18:28","modified_gmt":"2025-12-03T22:18:28","slug":"jornada-recreativa-por-el-dia-internacional-de-las-personas-con-discapacidad-en-la-estacion-de-los-ninos","status":"publish","type":"post","link":"https:\/\/revistaesperanzas.com\/web\/2025\/12\/jornada-recreativa-por-el-dia-internacional-de-las-personas-con-discapacidad-en-la-estacion-de-los-ninos\/","title":{"rendered":"JORNADA RECREATIVA POR EL DIA INTERNACIONAL DE LAS PERSONAS CON DISCAPACIDAD EN LA ESTACI\u00d3N DE LOS NI\u00d1OS"},"content":{"rendered":"<p style=\"font-weight: 400;\">En este marco, la Coordinaci\u00f3n de Discapacidad de la Municipalidad de Goya anunci\u00f3 la realizaci\u00f3n de una Jornada Recreativa este viernes 5 de diciembre, a las 17 horas, en el Predio Ex Ferrocarril \u2018Estaci\u00f3n de los Ni\u00f1os\u2019, un espacio que se prepara para recibir a familias, instituciones y a toda la comunidad en una tarde pensada para compartir, disfrutar y celebrar.<\/p>\n<p style=\"font-weight: 400;\">El evento ofrecer\u00e1 una amplia propuesta art\u00edstica y cultural, con la participaci\u00f3n de La Banda de Carlitos, Los Ojolotes de la Cumbia y Rocksal, quienes llenar\u00e1n de m\u00fasica y ritmo la tarde. Tambi\u00e9n habr\u00e1 stands con actividades recreativas, adem\u00e1s de presentaciones especiales del Instituto Aerobic Dance y Aero Taller Tiempo Feliz.<\/p>\n<p style=\"font-weight: 400;\">Como cada a\u00f1o, la iniciativa busca promover la inclusi\u00f3n a trav\u00e9s del juego, la expresi\u00f3n y la convivencia, reforzando el compromiso municipal con una ciudad m\u00e1s accesible y participativa.<\/p>\n<p style=\"font-weight: 400;\">La jornada incluir\u00e1 adem\u00e1s sorteos y sorpresas, convirti\u00e9ndose en un encuentro ideal para compartir en familia. Desde la organizaci\u00f3n recuerdan que los asistentes pueden llevar su silleta y el equipo de mate para disfrutar del evento.<\/p>\n","protected":false},"excerpt":{"rendered":"<p>En este marco, la Coordinaci\u00f3n de Discapacidad de la Municipalidad de Goya anunci\u00f3 la realizaci\u00f3n de una Jornada Recreativa este viernes 5 de diciembre, a las 17 horas, en el Predio Ex Ferrocarril \u2018Estaci\u00f3n de los Ni\u00f1os\u2019, un espacio que se prepara para recibir a familias, instituciones y a toda la comunidad en una tarde [&hellip;]<\/p>\n","protected":false},"author":4,"featured_media":139747,"comment_status":"closed","ping_status":"closed","sticky":false,"template":"","format":"standard","meta":{"footnotes":""},"categories":[45],"tags":[],"class_list":{"0":"post-139746","1":"post","2":"type-post","3":"status-publish","4":"format-standard","5":"has-post-thumbnail","7":"category-locales"},"_links":{"self":[{"href":"https:\/\/revistaesperanzas.com\/web\/wp-json\/wp\/v2\/posts\/139746","targetHints":{"allow":["GET"]}}],"collection":[{"href":"https:\/\/revistaesperanzas.com\/web\/wp-json\/wp\/v2\/posts"}],"about":[{"href":"https:\/\/revistaesperanzas.com\/web\/wp-json\/wp\/v2\/types\/post"}],"author":[{"embeddable":true,"href":"https:\/\/revistaesperanzas.com\/web\/wp-json\/wp\/v2\/users\/4"}],"replies":[{"embeddable":true,"href":"https:\/\/revistaesperanzas.com\/web\/wp-json\/wp\/v2\/comments?post=139746"}],"version-history":[{"count":1,"href":"https:\/\/revistaesperanzas.com\/web\/wp-json\/wp\/v2\/posts\/139746\/revisions"}],"predecessor-version":[{"id":139748,"href":"https:\/\/revistaesperanzas.com\/web\/wp-json\/wp\/v2\/posts\/139746\/revisions\/139748"}],"wp:featuredmedia":[{"embeddable":true,"href":"https:\/\/revistaesperanzas.com\/web\/wp-json\/wp\/v2\/media\/139747"}],"wp:attachment":[{"href":"https:\/\/revistaesperanzas.com\/web\/wp-json\/wp\/v2\/media?parent=139746"}],"wp:term":[{"taxonomy":"category","embeddable":true,"href":"https:\/\/revistaesperanzas.com\/web\/wp-json\/wp\/v2\/categories?post=139746"},{"taxonomy":"post_tag","embeddable":true,"href":"https:\/\/revistaesperanzas.com\/web\/wp-json\/wp\/v2\/tags?post=139746"}],"curies":[{"name":"wp","href":"https:\/\/api.w.org\/{rel}","templated":true}]}}