{"id":139758,"date":"2025-12-03T22:19:19","date_gmt":"2025-12-04T01:19:19","guid":{"rendered":"https:\/\/revistaesperanzas.com\/web\/?p=139758"},"modified":"2025-12-03T22:19:19","modified_gmt":"2025-12-04T01:19:19","slug":"fundacion-onco-infanto-juvenil-goya-recibe-reconocimiento-y-anuncia-proyectos-para-el-futuro","status":"publish","type":"post","link":"https:\/\/revistaesperanzas.com\/web\/2025\/12\/fundacion-onco-infanto-juvenil-goya-recibe-reconocimiento-y-anuncia-proyectos-para-el-futuro\/","title":{"rendered":"FUNDACI\u00d3N ONCO INFANTO JUVENIL GOYA RECIBE RECONOCIMIENTO Y ANUNCIA PROYECTOS PARA EL FUTURO"},"content":{"rendered":"<p style=\"font-weight: 400;\">La Fundaci\u00f3n Onco Infanto Juvenil Goya fue galardonada nuevamente por su destacada labor solidaria. El reconocimiento fue entregado en el marco de los premios Hermanas Mirabal, en la Facultad de Derecho de Corrientes. Karina Zoilo, presidente de la fundaci\u00f3n, dio detalles sobre este logro y los futuros proyectos, en declaraciones radiales.<\/p>\n<p style=\"font-weight: 400;\">&#8220;Es un honor recibir por cuarto a\u00f1o consecutivo esta premiaci\u00f3n con diferentes participantes de la fundaci\u00f3n&#8221;, expres\u00f3 Karina Zoilo. Este a\u00f1o, el reconocimiento fue para Dahiana D\u00edaz, nutricionista y voluntaria de varias instituciones solidarias.<\/p>\n<p style=\"font-weight: 400;\">Zoilo tambi\u00e9n destac\u00f3 la labor de Guadalupe Gonz\u00e1lez, quien, a pesar de su discapacidad, promueve la inclusi\u00f3n a trav\u00e9s del deporte. Adem\u00e1s, coment\u00f3 se reconoci\u00f3 a la doctora Gladis Guti\u00e9rrez, onc\u00f3loga del hospital Juan Pablo II, por su trabajo en red con la fundaci\u00f3n.<\/p>\n<p style=\"font-weight: 400;\">La presidente de la fundaci\u00f3n subray\u00f3 la importancia de la inclusi\u00f3n, destacando que &#8220;Guadalupe y su mam\u00e1 nos ense\u00f1an a lo largo de este recorrido, y desde el deporte, que es tan sano y nos ayuda a todos&#8221;.<\/p>\n<p style=\"font-weight: 400;\">UN A\u00d1O PRODUCTIVO<\/p>\n<p style=\"font-weight: 400;\">Karina Zoilo describi\u00f3 el a\u00f1o 2025 como &#8220;muy positivo&#8221; para la fundaci\u00f3n. &#8220;Hicimos muchas cosas, que las hacemos en silencio, tr\u00e1mites cotidianos para cada familia, que no se ven tanto en las redes y medios de comunicaci\u00f3n. Fue un a\u00f1o con much\u00edsimo trabajo y muy productivo a la vez&#8221;. Destac\u00f3 en el marco de ese trabajo cotidiano, cada tratamiento ambulatorio iniciado o ciclo de quimioterapia terminado, y el compromiso de la fundaci\u00f3n con las familias, muchas de las cuales prefieren mantener su privacidad.<\/p>\n<p style=\"font-weight: 400;\">La fundaci\u00f3n se prepara para la renovaci\u00f3n de autoridades en 2026, cuando la actual comisi\u00f3n directiva complete su primer per\u00edodo de gesti\u00f3n de cuatro a\u00f1os. &#8220;En marzo o abril estaremos renovando la comisi\u00f3n para seguir trabajando. La comisi\u00f3n se puede repetir por una cuesti\u00f3n de estatuto, as\u00ed lo indica&#8221;, explic\u00f3 Zoilo.<\/p>\n<p style=\"font-weight: 400;\">BRINDIS DE FIN DE A\u00d1O<\/p>\n<p style=\"font-weight: 400;\">La fundaci\u00f3n celebrar\u00e1 con un brindis el fin de a\u00f1o en la sede de los scouts de Goya, con quienes han colaborado estrechamente. &#8220;El viernes es la cita para la familia de la Fundaci\u00f3n Onco Infanto Juvenil en la sede de los scouts, por calle Jos\u00e9 Mar\u00eda Soto&#8221;, indic\u00f3. Adem\u00e1s, anunci\u00f3 un nuevo proyecto enfocado en la contenci\u00f3n de adultos masculinos que buscan asesoramiento y apoyo al recibir un diagn\u00f3stico. &#8220;Vamos a ver si el a\u00f1o que viene podemos trabajar con los hombres, no solo con ni\u00f1os y adolescentes, sino con personas con escasos recursos que no saben por d\u00f3nde ir cuando reciben el diagn\u00f3stico&#8221;, anticip\u00f3.<\/p>\n<p style=\"font-weight: 400;\">AGRADECIMIENTO A LA COMUNIDAD<\/p>\n<p style=\"font-weight: 400;\">Karina Zoilo expres\u00f3 su gratitud hacia la comunidad de Goya: &#8220;Realmente la ciudadan\u00eda de Goya es muy solidaria y nos ha acompa\u00f1ado mucho. Yo solamente tengo que decir gracias, hemos encontrado casi siempre las respuestas correspondientes&#8221;. Asegur\u00f3 que la fundaci\u00f3n mantendr\u00e1 un trabajo transparente y un di\u00e1logo abierto, cerrando el a\u00f1o con una cena para colaboradores y una reuni\u00f3n general el 17 de diciembre con autoridades municipales. Las actividades se retomar\u00e1n el 1 de febrero.<\/p>\n","protected":false},"excerpt":{"rendered":"<p>La Fundaci\u00f3n Onco Infanto Juvenil Goya fue galardonada nuevamente por su destacada labor solidaria. El reconocimiento fue entregado en el marco de los premios Hermanas Mirabal, en la Facultad de Derecho de Corrientes. Karina Zoilo, presidente de la fundaci\u00f3n, dio detalles sobre este logro y los futuros proyectos, en declaraciones radiales. &#8220;Es un honor recibir [&hellip;]<\/p>\n","protected":false},"author":4,"featured_media":139759,"comment_status":"closed","ping_status":"closed","sticky":false,"template":"","format":"standard","meta":{"footnotes":""},"categories":[45],"tags":[],"class_list":{"0":"post-139758","1":"post","2":"type-post","3":"status-publish","4":"format-standard","5":"has-post-thumbnail","7":"category-locales"},"_links":{"self":[{"href":"https:\/\/revistaesperanzas.com\/web\/wp-json\/wp\/v2\/posts\/139758","targetHints":{"allow":["GET"]}}],"collection":[{"href":"https:\/\/revistaesperanzas.com\/web\/wp-json\/wp\/v2\/posts"}],"about":[{"href":"https:\/\/revistaesperanzas.com\/web\/wp-json\/wp\/v2\/types\/post"}],"author":[{"embeddable":true,"href":"https:\/\/revistaesperanzas.com\/web\/wp-json\/wp\/v2\/users\/4"}],"replies":[{"embeddable":true,"href":"https:\/\/revistaesperanzas.com\/web\/wp-json\/wp\/v2\/comments?post=139758"}],"version-history":[{"count":1,"href":"https:\/\/revistaesperanzas.com\/web\/wp-json\/wp\/v2\/posts\/139758\/revisions"}],"predecessor-version":[{"id":139760,"href":"https:\/\/revistaesperanzas.com\/web\/wp-json\/wp\/v2\/posts\/139758\/revisions\/139760"}],"wp:featuredmedia":[{"embeddable":true,"href":"https:\/\/revistaesperanzas.com\/web\/wp-json\/wp\/v2\/media\/139759"}],"wp:attachment":[{"href":"https:\/\/revistaesperanzas.com\/web\/wp-json\/wp\/v2\/media?parent=139758"}],"wp:term":[{"taxonomy":"category","embeddable":true,"href":"https:\/\/revistaesperanzas.com\/web\/wp-json\/wp\/v2\/categories?post=139758"},{"taxonomy":"post_tag","embeddable":true,"href":"https:\/\/revistaesperanzas.com\/web\/wp-json\/wp\/v2\/tags?post=139758"}],"curies":[{"name":"wp","href":"https:\/\/api.w.org\/{rel}","templated":true}]}}