{"id":139761,"date":"2025-12-03T22:24:34","date_gmt":"2025-12-04T01:24:34","guid":{"rendered":"https:\/\/revistaesperanzas.com\/web\/?p=139761"},"modified":"2025-12-03T22:24:35","modified_gmt":"2025-12-04T01:24:35","slug":"goya-se-prepara-para-recibir-el-festival-alma-viva","status":"publish","type":"post","link":"https:\/\/revistaesperanzas.com\/web\/2025\/12\/goya-se-prepara-para-recibir-el-festival-alma-viva\/","title":{"rendered":"GOYA SE PREPARA PARA RECIBIR EL FESTIVAL &#8220;ALMA VIVA&#8221;"},"content":{"rendered":"<p style=\"font-weight: 400;\">La ciudad de Goya se alista para ser sede del festival &#8220;Alma Viva&#8221;, un evento que promete ser un oasis de conexi\u00f3n, arte, m\u00fasica y terapia.<\/p>\n<p style=\"font-weight: 400;\">El pr\u00f3ximo domingo 7 de diciembre, el Espacio Las Piedras abrir\u00e1 sus puertas de 9:30 a 20:00 horas para recibir a todos aquellos que buscan reconectar con su bienestar f\u00edsico, emocional y espiritual.<a href=\"https:\/\/revistaesperanzas.com\/web\/2025\/12\/goya-se-prepara-para-recibir-el-festival-alma-viva\/alma-viva-nota-a-laura-esquivel\/\" rel=\"attachment wp-att-139762\"><img loading=\"lazy\" decoding=\"async\" class=\" wp-image-139762 alignleft\" src=\"https:\/\/revistaesperanzas.com\/web\/wp-content\/uploads\/2025\/12\/Alma-Viva-nota-a-Laura-Esquivel.jpg\" alt=\"\" width=\"520\" height=\"486\" srcset=\"https:\/\/revistaesperanzas.com\/web\/wp-content\/uploads\/2025\/12\/Alma-Viva-nota-a-Laura-Esquivel.jpg 600w, https:\/\/revistaesperanzas.com\/web\/wp-content\/uploads\/2025\/12\/Alma-Viva-nota-a-Laura-Esquivel-449x420.jpg 449w\" sizes=\"auto, (max-width: 520px) 100vw, 520px\" \/><\/a><\/p>\n<p style=\"font-weight: 400;\">En una entrevista en Radio Ciudad, Luz Esquivel, una de las organizadoras del evento, coment\u00f3 su visi\u00f3n detr\u00e1s de &#8220;Alma Viva&#8221;. &#8220;Siento que Goya est\u00e1 muy abierta. Volv\u00ed porque soy goyana, pero me fui mucho tiempo a vivir a C\u00f3rdoba. Cuando regres\u00e9 despu\u00e9s de la pandemia, me encontr\u00e9 con una ciudad renovada y, sobre todo, con una mentalidad abierta&#8221;, coment\u00f3.<\/p>\n<p style=\"font-weight: 400;\">PROPUESTA INTEGRAL<\/p>\n<p style=\"font-weight: 400;\">El festival &#8220;Alma Viva&#8221; se presenta como una propuesta integral para celebrar la vida en todas sus dimensiones. Los asistentes podr\u00e1n disfrutar de m\u00fasica medicinal y mantras en vivo, clases de yoga y meditaci\u00f3n con cuencos, sesiones de Reiki y terapias hol\u00edsticas, charlas inspiradoras, stands hol\u00edsticos y gastron\u00f3micos, as\u00ed como espacios dedicados al arte, la danza y la expresi\u00f3n.<\/p>\n<p style=\"font-weight: 400;\"><a href=\"https:\/\/revistaesperanzas.com\/web\/2025\/12\/goya-se-prepara-para-recibir-el-festival-alma-viva\/alma-viva-flyr\/\" rel=\"attachment wp-att-139764\"><img loading=\"lazy\" decoding=\"async\" class=\"wp-image-139764 alignright\" src=\"https:\/\/revistaesperanzas.com\/web\/wp-content\/uploads\/2025\/12\/Alma-Viva-Flyr.jpg\" alt=\"\" width=\"520\" height=\"650\" srcset=\"https:\/\/revistaesperanzas.com\/web\/wp-content\/uploads\/2025\/12\/Alma-Viva-Flyr.jpg 600w, https:\/\/revistaesperanzas.com\/web\/wp-content\/uploads\/2025\/12\/Alma-Viva-Flyr-336x420.jpg 336w\" sizes=\"auto, (max-width: 520px) 100vw, 520px\" \/><\/a>Luz Esquivel destac\u00f3 la importancia de la terapia hol\u00edstica como un eje central del festival: &#8220;La terapia hol\u00edstica viene a romper esquemas o condiciones. No se trata de irnos a un extremo u otro, sino de encontrar un punto medio donde podamos encontrarnos, conocernos y escucharnos&#8221;. El slogan del festival: &#8220;La gracia es tu estado natural. Ven\u00ed a celebrarte&#8221;, invita a los participantes a buscar la alegr\u00eda y las ganas de vivir dentro de s\u00ed mismos.<\/p>\n<p style=\"font-weight: 400;\">ESPACIO DE ENCUENTRO PERSONAL<\/p>\n<p style=\"font-weight: 400;\">&#8220;Ser\u00e1 como un retiro de un d\u00eda completo, desde la ma\u00f1ana hasta la noche. La invitaci\u00f3n es a ir hacia adentro, a explorar las m\u00faltiples formas de expresi\u00f3n que existen, desde el arte hasta el yoga, la m\u00fasica, la danza y la marca personal&#8221;, explic\u00f3 Esquivel.<\/p>\n<p style=\"font-weight: 400;\">El Espacio Las Piedras, ubicado frente al predio ex Massalin Particulares, fue elegido como el lugar ideal para este encuentro. &#8220;Es un espacio con muchos \u00e1rboles, mucho verde, s\u00faper hermoso, y los due\u00f1os nos han brindado toda su disposici\u00f3n&#8221;, destac\u00f3 la organizadora.<\/p>\n<p style=\"font-weight: 400;\">ACCESO LIBRE Y GRATUITO PARA NI\u00d1OS Y J\u00d3VENES<\/p>\n<p style=\"font-weight: 400;\">Conscientes de la situaci\u00f3n actual, los organizadores han decidido ofrecer entrada gratuita a j\u00f3venes y ni\u00f1os hasta los 21 a\u00f1os. &#8220;La invitaci\u00f3n es para que los j\u00f3venes y ni\u00f1os hasta los 21 a\u00f1os tengan entrada gratuita, y extiendo la invitaci\u00f3n a cualquier persona que no tenga la posibilidad de comprar la entrada. Que me hable, porque jam\u00e1s quiero que el dinero sea un impedimento&#8221;, afirm\u00f3 Esquivel. &#8220;Hacemos mucho hincapi\u00e9 en los j\u00f3venes, especialmente en este a\u00f1o que ha sido dif\u00edcil en t\u00e9rminos de salud mental. Mi granito de arena es extender esta invitaci\u00f3n&#8221;.<\/p>\n<p style=\"font-weight: 400;\">Adem\u00e1s de las actividades hol\u00edsticas, el festival contar\u00e1 con una clase de marca personal a cargo de Jessi Ortigoza y Mari\u00e1ngeles Garc\u00eda, quienes compartir\u00e1n herramientas para comunicar al mundo los dones y talentos de cada individuo.<\/p>\n<p style=\"font-weight: 400;\">Entre los facilitadores invitados se encuentran Shirley D\u00e1vila, quien ofrecer\u00e1 una clase de biomagnetismo; Nati Piasentini, que traer\u00e1 su canto y m\u00fasica medicinal desde Capilla del Monte; Marcela Raimundo, quien mostrar\u00e1 una t\u00e9cnica de reprogramaci\u00f3n emocional; Norita Ag\u00fcero, pionera en Reiki desde Santa Luc\u00eda; y Cristian G\u00f3mez, alias Vikingo, quien compartir\u00e1 su historia de superaci\u00f3n de la depresi\u00f3n a trav\u00e9s del deporte.<\/p>\n<p style=\"font-weight: 400;\">La entrada general para el festival es de 27.000 pesos e incluye todas las actividades y la feria de emprendedores.<\/p>\n<p style=\"font-weight: 400;\">&#8220;Alma Viva&#8221; promete ser un d\u00eda de amor, conexi\u00f3n y expansi\u00f3n en comunidad. Una oportunidad para celebrar la vida, el cuerpo y el alma en un entorno natural y m\u00e1gico.<\/p>\n","protected":false},"excerpt":{"rendered":"<p>La ciudad de Goya se alista para ser sede del festival &#8220;Alma Viva&#8221;, un evento que promete ser un oasis de conexi\u00f3n, arte, m\u00fasica y terapia. El pr\u00f3ximo domingo 7 de diciembre, el Espacio Las Piedras abrir\u00e1 sus puertas de 9:30 a 20:00 horas para recibir a todos aquellos que buscan reconectar con su bienestar [&hellip;]<\/p>\n","protected":false},"author":4,"featured_media":139763,"comment_status":"closed","ping_status":"closed","sticky":false,"template":"","format":"standard","meta":{"footnotes":""},"categories":[45],"tags":[],"class_list":{"0":"post-139761","1":"post","2":"type-post","3":"status-publish","4":"format-standard","5":"has-post-thumbnail","7":"category-locales"},"_links":{"self":[{"href":"https:\/\/revistaesperanzas.com\/web\/wp-json\/wp\/v2\/posts\/139761","targetHints":{"allow":["GET"]}}],"collection":[{"href":"https:\/\/revistaesperanzas.com\/web\/wp-json\/wp\/v2\/posts"}],"about":[{"href":"https:\/\/revistaesperanzas.com\/web\/wp-json\/wp\/v2\/types\/post"}],"author":[{"embeddable":true,"href":"https:\/\/revistaesperanzas.com\/web\/wp-json\/wp\/v2\/users\/4"}],"replies":[{"embeddable":true,"href":"https:\/\/revistaesperanzas.com\/web\/wp-json\/wp\/v2\/comments?post=139761"}],"version-history":[{"count":2,"href":"https:\/\/revistaesperanzas.com\/web\/wp-json\/wp\/v2\/posts\/139761\/revisions"}],"predecessor-version":[{"id":139766,"href":"https:\/\/revistaesperanzas.com\/web\/wp-json\/wp\/v2\/posts\/139761\/revisions\/139766"}],"wp:featuredmedia":[{"embeddable":true,"href":"https:\/\/revistaesperanzas.com\/web\/wp-json\/wp\/v2\/media\/139763"}],"wp:attachment":[{"href":"https:\/\/revistaesperanzas.com\/web\/wp-json\/wp\/v2\/media?parent=139761"}],"wp:term":[{"taxonomy":"category","embeddable":true,"href":"https:\/\/revistaesperanzas.com\/web\/wp-json\/wp\/v2\/categories?post=139761"},{"taxonomy":"post_tag","embeddable":true,"href":"https:\/\/revistaesperanzas.com\/web\/wp-json\/wp\/v2\/tags?post=139761"}],"curies":[{"name":"wp","href":"https:\/\/api.w.org\/{rel}","templated":true}]}}