{"id":139777,"date":"2025-12-03T22:40:36","date_gmt":"2025-12-04T01:40:36","guid":{"rendered":"https:\/\/revistaesperanzas.com\/web\/?p=139777"},"modified":"2025-12-03T22:40:36","modified_gmt":"2025-12-04T01:40:36","slug":"jovenes-de-la-zona-rural-de-goya-de-las-vanguardias-obreras-catolicas-rumbo-a-mar-del-plata","status":"publish","type":"post","link":"https:\/\/revistaesperanzas.com\/web\/2025\/12\/jovenes-de-la-zona-rural-de-goya-de-las-vanguardias-obreras-catolicas-rumbo-a-mar-del-plata\/","title":{"rendered":"J\u00d3VENES DE LA ZONA RURAL DE GOYA DE LAS VANGUARDIAS OBRERAS CAT\u00d3LICAS RUMBO A MAR DEL PLATA"},"content":{"rendered":"<p style=\"font-weight: 400;\">Los j\u00f3venes de las comunidades rurales de las Cuasi Parroquia San Pantale\u00f3n y la Parroquia Nuestra Se\u00f1ora de Itat\u00ed, participaran del Campamento Anual organizado por la Federaci\u00f3n que nuclea a los vanguardistas, recordemos que este espacio de camino espiritual ha sido creado por el Misionero Redentorista Padre Federico Grote.<a href=\"https:\/\/revistaesperanzas.com\/web\/2025\/12\/jovenes-de-la-zona-rural-de-goya-de-las-vanguardias-obreras-catolicas-rumbo-a-mar-del-plata\/jovenes-vanguardistas-rumbo-a-parque-camet-2-ilustracion-del-lugar\/\" rel=\"attachment wp-att-139779\"><img loading=\"lazy\" decoding=\"async\" class=\" wp-image-139779 alignleft\" src=\"https:\/\/revistaesperanzas.com\/web\/wp-content\/uploads\/2025\/12\/JOVENES-VANGUARDISTAS-RUMBO-A-PARQUE-CAMET-2-ILUSTRACION-DEL-LUGAR.jpg\" alt=\"\" width=\"450\" height=\"337\" srcset=\"https:\/\/revistaesperanzas.com\/web\/wp-content\/uploads\/2025\/12\/JOVENES-VANGUARDISTAS-RUMBO-A-PARQUE-CAMET-2-ILUSTRACION-DEL-LUGAR.jpg 600w, https:\/\/revistaesperanzas.com\/web\/wp-content\/uploads\/2025\/12\/JOVENES-VANGUARDISTAS-RUMBO-A-PARQUE-CAMET-2-ILUSTRACION-DEL-LUGAR-561x420.jpg 561w, https:\/\/revistaesperanzas.com\/web\/wp-content\/uploads\/2025\/12\/JOVENES-VANGUARDISTAS-RUMBO-A-PARQUE-CAMET-2-ILUSTRACION-DEL-LUGAR-80x60.jpg 80w, https:\/\/revistaesperanzas.com\/web\/wp-content\/uploads\/2025\/12\/JOVENES-VANGUARDISTAS-RUMBO-A-PARQUE-CAMET-2-ILUSTRACION-DEL-LUGAR-265x198.jpg 265w\" sizes=\"auto, (max-width: 450px) 100vw, 450px\" \/><\/a><\/p>\n<p style=\"font-weight: 400;\">Los j\u00f3venes, 50 m\u00e1s 10 asesores junto al P\u00e1rroco Juan Carlos Mendoza, partieron en horas de la tarde desde la terminal de nuestra ciudad rumbo al sitio, cercano a Mar del Plata (Parque Camet), donde est\u00e1 ubicado el lugar donde se realizar\u00e1 el campamento desde el 5 al 7 del corriente mes, previo a su arribo a la costa atl\u00e1ntica, la delegaci\u00f3n visitar\u00e1 la ciudad de Luj\u00e1n con una escala en la Bas\u00edlica de la Patrona de la Argentina.<\/p>\n<p style=\"font-weight: 400;\">UNA RICA EXPERIENCIA SOCIAL Y ESPIRITUAL<\/p>\n<p style=\"font-weight: 400;\">Sandra Alcaraz una de las animadoras, coordinadora del grupo en declaraciones radiales coment\u00f3: \u201cHemos trabajado durante todo el a\u00f1o junto a los j\u00f3venes de nuestras comunidades rurales para ser part\u00edcipes de nuestro campamento anual, en Parque Camet.\u201d<a href=\"https:\/\/revistaesperanzas.com\/web\/2025\/12\/jovenes-de-la-zona-rural-de-goya-de-las-vanguardias-obreras-catolicas-rumbo-a-mar-del-plata\/jovenes-vanguardistas-rumbo-a-parque-camet-1\/\" rel=\"attachment wp-att-139780\"><img loading=\"lazy\" decoding=\"async\" class=\" wp-image-139780 alignleft\" src=\"https:\/\/revistaesperanzas.com\/web\/wp-content\/uploads\/2025\/12\/JOVENES-VANGUARDISTAS-RUMBO-A-PARQUE-CAMET-1.jpg\" alt=\"\" width=\"451\" height=\"338\" srcset=\"https:\/\/revistaesperanzas.com\/web\/wp-content\/uploads\/2025\/12\/JOVENES-VANGUARDISTAS-RUMBO-A-PARQUE-CAMET-1.jpg 600w, https:\/\/revistaesperanzas.com\/web\/wp-content\/uploads\/2025\/12\/JOVENES-VANGUARDISTAS-RUMBO-A-PARQUE-CAMET-1-560x420.jpg 560w, https:\/\/revistaesperanzas.com\/web\/wp-content\/uploads\/2025\/12\/JOVENES-VANGUARDISTAS-RUMBO-A-PARQUE-CAMET-1-80x60.jpg 80w, https:\/\/revistaesperanzas.com\/web\/wp-content\/uploads\/2025\/12\/JOVENES-VANGUARDISTAS-RUMBO-A-PARQUE-CAMET-1-265x198.jpg 265w\" sizes=\"auto, (max-width: 451px) 100vw, 451px\" \/><\/a><\/p>\n<p style=\"font-weight: 400;\">\u201cEn el campamento participaremos con los distintos centros del pa\u00eds unos 200 j\u00f3venes, durante los d\u00edas 5, 6 y 7 de diciembre, -adelant\u00f3 la asesora de la comunidad juvenil rural- nosotros conformamos una delegaci\u00f3n de 50 j\u00f3venes de nuestras comunidades rurales, m\u00e1s los asesores, coordinadores y en esta oportunidad viaja con nosotros el p\u00e1rroco padre Juan Carlos Mendoza.\u201d<\/p>\n<p style=\"font-weight: 400;\">VISITA A LUJ\u00c1N<\/p>\n<p style=\"font-weight: 400;\">La referente de la comunidad de San Pedro, se\u00f1al\u00f3: \u201cAntes de arribar a Mar del Plata haremos una escala en Lujan para visitar la casa de nuestra madre la Virgen Patrona del pa\u00eds, es una experiencia muy linda que se agrega a que hemos sido invitados a formar parte del equipo de animaci\u00f3n y coordinaci\u00f3n del campamento nacional<\/p>\n<p style=\"font-weight: 400;\">COMUNIDADES DE SAN PEDRO, PORVENIR Y SANTA MARIA DEL CAMINO<a href=\"https:\/\/revistaesperanzas.com\/web\/2025\/12\/jovenes-de-la-zona-rural-de-goya-de-las-vanguardias-obreras-catolicas-rumbo-a-mar-del-plata\/jovenes-vanguardistas-rumbo-a-parque-camet-3\/\" rel=\"attachment wp-att-139781\"><img loading=\"lazy\" decoding=\"async\" class=\" wp-image-139781 alignleft\" src=\"https:\/\/revistaesperanzas.com\/web\/wp-content\/uploads\/2025\/12\/JOVENES-VANGUARDISTAS-RUMBO-A-PARQUE-CAMET-3.jpg\" alt=\"\" width=\"451\" height=\"338\" srcset=\"https:\/\/revistaesperanzas.com\/web\/wp-content\/uploads\/2025\/12\/JOVENES-VANGUARDISTAS-RUMBO-A-PARQUE-CAMET-3.jpg 600w, https:\/\/revistaesperanzas.com\/web\/wp-content\/uploads\/2025\/12\/JOVENES-VANGUARDISTAS-RUMBO-A-PARQUE-CAMET-3-560x420.jpg 560w, https:\/\/revistaesperanzas.com\/web\/wp-content\/uploads\/2025\/12\/JOVENES-VANGUARDISTAS-RUMBO-A-PARQUE-CAMET-3-80x60.jpg 80w, https:\/\/revistaesperanzas.com\/web\/wp-content\/uploads\/2025\/12\/JOVENES-VANGUARDISTAS-RUMBO-A-PARQUE-CAMET-3-265x198.jpg 265w\" sizes=\"auto, (max-width: 451px) 100vw, 451px\" \/><\/a><\/p>\n<p style=\"font-weight: 400;\">Finalmente, en la entrevista radial Sandra Alcaraz, cont\u00f3: \u201cLos participantes al campamento anual pertenecen a las capillas Pompeya de Porvenir, San Pedro y Santa Mar\u00eda del Camino, nos hemos preparado con retiros, campamentos y actividades pastorales es el cierre del a\u00f1o junto a otros j\u00f3venes vanguardistas del pa\u00eds, nos hemos formado para experimentar este encuentro.\u201d<\/p>\n","protected":false},"excerpt":{"rendered":"<p>Los j\u00f3venes de las comunidades rurales de las Cuasi Parroquia San Pantale\u00f3n y la Parroquia Nuestra Se\u00f1ora de Itat\u00ed, participaran del Campamento Anual organizado por la Federaci\u00f3n que nuclea a los vanguardistas, recordemos que este espacio de camino espiritual ha sido creado por el Misionero Redentorista Padre Federico Grote. Los j\u00f3venes, 50 m\u00e1s 10 asesores [&hellip;]<\/p>\n","protected":false},"author":4,"featured_media":139778,"comment_status":"closed","ping_status":"closed","sticky":false,"template":"","format":"standard","meta":{"footnotes":""},"categories":[45],"tags":[],"class_list":{"0":"post-139777","1":"post","2":"type-post","3":"status-publish","4":"format-standard","5":"has-post-thumbnail","7":"category-locales"},"_links":{"self":[{"href":"https:\/\/revistaesperanzas.com\/web\/wp-json\/wp\/v2\/posts\/139777","targetHints":{"allow":["GET"]}}],"collection":[{"href":"https:\/\/revistaesperanzas.com\/web\/wp-json\/wp\/v2\/posts"}],"about":[{"href":"https:\/\/revistaesperanzas.com\/web\/wp-json\/wp\/v2\/types\/post"}],"author":[{"embeddable":true,"href":"https:\/\/revistaesperanzas.com\/web\/wp-json\/wp\/v2\/users\/4"}],"replies":[{"embeddable":true,"href":"https:\/\/revistaesperanzas.com\/web\/wp-json\/wp\/v2\/comments?post=139777"}],"version-history":[{"count":2,"href":"https:\/\/revistaesperanzas.com\/web\/wp-json\/wp\/v2\/posts\/139777\/revisions"}],"predecessor-version":[{"id":139783,"href":"https:\/\/revistaesperanzas.com\/web\/wp-json\/wp\/v2\/posts\/139777\/revisions\/139783"}],"wp:featuredmedia":[{"embeddable":true,"href":"https:\/\/revistaesperanzas.com\/web\/wp-json\/wp\/v2\/media\/139778"}],"wp:attachment":[{"href":"https:\/\/revistaesperanzas.com\/web\/wp-json\/wp\/v2\/media?parent=139777"}],"wp:term":[{"taxonomy":"category","embeddable":true,"href":"https:\/\/revistaesperanzas.com\/web\/wp-json\/wp\/v2\/categories?post=139777"},{"taxonomy":"post_tag","embeddable":true,"href":"https:\/\/revistaesperanzas.com\/web\/wp-json\/wp\/v2\/tags?post=139777"}],"curies":[{"name":"wp","href":"https:\/\/api.w.org\/{rel}","templated":true}]}}