{"id":139788,"date":"2025-12-04T09:57:41","date_gmt":"2025-12-04T12:57:41","guid":{"rendered":"https:\/\/revistaesperanzas.com\/web\/?p=139788"},"modified":"2025-12-04T09:59:55","modified_gmt":"2025-12-04T12:59:55","slug":"139788","status":"publish","type":"post","link":"https:\/\/revistaesperanzas.com\/web\/2025\/12\/139788\/","title":{"rendered":"JOVENES DE GOYA OCACIONAN PELEAS Y DESTROSOS EN PLAYA EL ING\u00c1 EN HORAS NOCTURNA"},"content":{"rendered":"<p>GOYA\u00a0 &#8211;\u00a0 En horas de la noche de ayer 03-12-25, efectivos policiales de la Comisar\u00eda de distrito Segunda de Goya, en momentos en que realizaban sus labores de prevenci\u00f3n por inmediaciones de playa Ing\u00e1 de esa ciudad.<\/p>\n<p>En esos momentos, el personal policial son alertados por transeuntes quienes comentaban que en otro sector del mismo lugar de la playa, un sujeto se encontraba molestando y promoviendo desorden.<a href=\"https:\/\/revistaesperanzas.com\/web\/2025\/12\/139788\/el-inga-5\/\" rel=\"attachment wp-att-139790\"><img loading=\"lazy\" decoding=\"async\" class=\" wp-image-139790 alignleft\" src=\"https:\/\/revistaesperanzas.com\/web\/wp-content\/uploads\/2025\/12\/el-inga.jpg\" alt=\"\" width=\"451\" height=\"451\" srcset=\"https:\/\/revistaesperanzas.com\/web\/wp-content\/uploads\/2025\/12\/el-inga.jpg 600w, https:\/\/revistaesperanzas.com\/web\/wp-content\/uploads\/2025\/12\/el-inga-420x420.jpg 420w\" sizes=\"auto, (max-width: 451px) 100vw, 451px\" \/><\/a><\/p>\n<p>De inmediato, parte del personal policial se dirigen a la zona se\u00f1alada, donde al llegar al lugar, esta persona increp\u00f3 al personal policial, profiriendo insultos y mostrandose hostil en todo momento, ante lo cual proceden a su demora, tratandose de un joven de 33 a\u00f1os de edad, quien aparentemente se encontraba bajo los efectos de haber consumido algun tipo de estupefacientes, o de haber ingerido bebidas alcoh\u00f3licas.<\/p>\n<p>Cabe se\u00f1alar que tras tomar comunicaci\u00f3n con la autoridad fiscal en turno, se inici\u00f3 actuaciones por supuesto atentado y resistencia a la autoridad.<\/p>\n","protected":false},"excerpt":{"rendered":"<p>GOYA\u00a0 &#8211;\u00a0 En horas de la noche de ayer 03-12-25, efectivos policiales de la Comisar\u00eda de distrito Segunda de Goya, en momentos en que realizaban sus labores de prevenci\u00f3n por inmediaciones de playa Ing\u00e1 de esa ciudad. En esos momentos, el personal policial son alertados por transeuntes quienes comentaban que en otro sector del mismo [&hellip;]<\/p>\n","protected":false},"author":4,"featured_media":139789,"comment_status":"closed","ping_status":"closed","sticky":false,"template":"","format":"standard","meta":{"footnotes":""},"categories":[45],"tags":[],"class_list":{"0":"post-139788","1":"post","2":"type-post","3":"status-publish","4":"format-standard","5":"has-post-thumbnail","7":"category-locales"},"_links":{"self":[{"href":"https:\/\/revistaesperanzas.com\/web\/wp-json\/wp\/v2\/posts\/139788","targetHints":{"allow":["GET"]}}],"collection":[{"href":"https:\/\/revistaesperanzas.com\/web\/wp-json\/wp\/v2\/posts"}],"about":[{"href":"https:\/\/revistaesperanzas.com\/web\/wp-json\/wp\/v2\/types\/post"}],"author":[{"embeddable":true,"href":"https:\/\/revistaesperanzas.com\/web\/wp-json\/wp\/v2\/users\/4"}],"replies":[{"embeddable":true,"href":"https:\/\/revistaesperanzas.com\/web\/wp-json\/wp\/v2\/comments?post=139788"}],"version-history":[{"count":3,"href":"https:\/\/revistaesperanzas.com\/web\/wp-json\/wp\/v2\/posts\/139788\/revisions"}],"predecessor-version":[{"id":139793,"href":"https:\/\/revistaesperanzas.com\/web\/wp-json\/wp\/v2\/posts\/139788\/revisions\/139793"}],"wp:featuredmedia":[{"embeddable":true,"href":"https:\/\/revistaesperanzas.com\/web\/wp-json\/wp\/v2\/media\/139789"}],"wp:attachment":[{"href":"https:\/\/revistaesperanzas.com\/web\/wp-json\/wp\/v2\/media?parent=139788"}],"wp:term":[{"taxonomy":"category","embeddable":true,"href":"https:\/\/revistaesperanzas.com\/web\/wp-json\/wp\/v2\/categories?post=139788"},{"taxonomy":"post_tag","embeddable":true,"href":"https:\/\/revistaesperanzas.com\/web\/wp-json\/wp\/v2\/tags?post=139788"}],"curies":[{"name":"wp","href":"https:\/\/api.w.org\/{rel}","templated":true}]}}