{"id":139810,"date":"2025-12-04T19:00:04","date_gmt":"2025-12-04T22:00:04","guid":{"rendered":"https:\/\/revistaesperanzas.com\/web\/?p=139810"},"modified":"2025-12-04T19:00:04","modified_gmt":"2025-12-04T22:00:04","slug":"este-viernes-juran-y-asumen-los-nuevos-concejales-de-goya","status":"publish","type":"post","link":"https:\/\/revistaesperanzas.com\/web\/2025\/12\/este-viernes-juran-y-asumen-los-nuevos-concejales-de-goya\/","title":{"rendered":"ESTE VIERNES JURAN Y ASUMEN LOS NUEVOS CONCEJALES DE GOYA"},"content":{"rendered":"<p>El Vice Intendente y presidente del Concejo Deliberante de Goya, Pedro Cassani (h), convoc\u00f3 para este viernes, 5 de diciembre, a la hora 20, a Sesi\u00f3n Preparatoria para que juren y asuman los nuevos ediles. En la oportunidad se elegir\u00e1 tambi\u00e9n al Secretario del Cuerpo y a las nuevas autoridades. Las deliberaciones tendr\u00e1n lugar en el sal\u00f3n de sesiones del HCD, y es abierta a la ciudadan\u00eda.<\/p>\n<p>A trav\u00e9s de la Resoluci\u00f3n de Presidencia N\u00b0 85 y Visto lo dispuesto el art\u00edculo 75 de la Carta Org\u00e1nica Municipal y lo dispuesto por el art\u00edculo 110 del Reglamento Interno del Honorable Concejo Deliberante, el Vice Intendente y presidente del HCD, Pedro Cassani (h) convoc\u00f3 para el viernes 5 de diciembre, a la hora 20, en el Sal\u00f3n de Sesiones, a Sesi\u00f3n Preparatoria.<\/p>\n<p>La parte dispositiva de la citada Resoluci\u00f3n, que lleva tambi\u00e9n la firma de la Secretaria a cargo del Cuerpo, N\u00e9lida Beatriz R\u00edos, expresa textualmente lo siguiente:<\/p>\n<p>ARTICULO 1\u00ba: CONVOCAR al Honorable Concejo Deliberante a Sesi\u00f3n Preparatoria para el d\u00eda viernes 5 de diciembre a las 20 horas en el \u201cSal\u00f3n de Sesiones del Honorable Concejo Deliberante\u201d a efectos de considerar el siguiente temario:<\/p>\n<p>1\u00ba. Validez del acto eleccionario de fecha 31 de agosto de 2025 y del escrutinio efectuado.<\/p>\n<p>2\u00ba. Legitimidad de las credenciales de los concejales electos.<\/p>\n<p>3\u00ba. Entrega de Certificados a los Concejales que cesan en su mandato el 9 de diciembre de 2025.<\/p>\n<p>4\u00ba. Toma de juramento a los Concejales electos que tomar\u00e1n posesi\u00f3n del cargo el 10 de diciembre de 2025.<\/p>\n<p>5\u00ba. Elecci\u00f3n y toma de juramento de las autoridades del Cuerpo que asumir\u00e1n el 10 de diciembre de 2025.<\/p>\n<p>ARTICULO 2\u00ba: NOTIFIQUESE, reg\u00edstrese, publ\u00edquese, s\u00e1quese copia para quien corresponda y oportunamente ARCHIVESE.-<\/p>\n","protected":false},"excerpt":{"rendered":"<p>El Vice Intendente y presidente del Concejo Deliberante de Goya, Pedro Cassani (h), convoc\u00f3 para este viernes, 5 de diciembre, a la hora 20, a Sesi\u00f3n Preparatoria para que juren y asuman los nuevos ediles. En la oportunidad se elegir\u00e1 tambi\u00e9n al Secretario del Cuerpo y a las nuevas autoridades. Las deliberaciones tendr\u00e1n lugar en [&hellip;]<\/p>\n","protected":false},"author":4,"featured_media":134808,"comment_status":"closed","ping_status":"closed","sticky":false,"template":"","format":"standard","meta":{"footnotes":""},"categories":[45],"tags":[],"class_list":{"0":"post-139810","1":"post","2":"type-post","3":"status-publish","4":"format-standard","5":"has-post-thumbnail","7":"category-locales"},"_links":{"self":[{"href":"https:\/\/revistaesperanzas.com\/web\/wp-json\/wp\/v2\/posts\/139810","targetHints":{"allow":["GET"]}}],"collection":[{"href":"https:\/\/revistaesperanzas.com\/web\/wp-json\/wp\/v2\/posts"}],"about":[{"href":"https:\/\/revistaesperanzas.com\/web\/wp-json\/wp\/v2\/types\/post"}],"author":[{"embeddable":true,"href":"https:\/\/revistaesperanzas.com\/web\/wp-json\/wp\/v2\/users\/4"}],"replies":[{"embeddable":true,"href":"https:\/\/revistaesperanzas.com\/web\/wp-json\/wp\/v2\/comments?post=139810"}],"version-history":[{"count":1,"href":"https:\/\/revistaesperanzas.com\/web\/wp-json\/wp\/v2\/posts\/139810\/revisions"}],"predecessor-version":[{"id":139811,"href":"https:\/\/revistaesperanzas.com\/web\/wp-json\/wp\/v2\/posts\/139810\/revisions\/139811"}],"wp:featuredmedia":[{"embeddable":true,"href":"https:\/\/revistaesperanzas.com\/web\/wp-json\/wp\/v2\/media\/134808"}],"wp:attachment":[{"href":"https:\/\/revistaesperanzas.com\/web\/wp-json\/wp\/v2\/media?parent=139810"}],"wp:term":[{"taxonomy":"category","embeddable":true,"href":"https:\/\/revistaesperanzas.com\/web\/wp-json\/wp\/v2\/categories?post=139810"},{"taxonomy":"post_tag","embeddable":true,"href":"https:\/\/revistaesperanzas.com\/web\/wp-json\/wp\/v2\/tags?post=139810"}],"curies":[{"name":"wp","href":"https:\/\/api.w.org\/{rel}","templated":true}]}}