{"id":139812,"date":"2025-12-04T19:09:39","date_gmt":"2025-12-04T22:09:39","guid":{"rendered":"https:\/\/revistaesperanzas.com\/web\/?p=139812"},"modified":"2025-12-04T19:09:48","modified_gmt":"2025-12-04T22:09:48","slug":"esta-noche-2000-hs-en-la-casa-de-la-cultura","status":"publish","type":"post","link":"https:\/\/revistaesperanzas.com\/web\/2025\/12\/esta-noche-2000-hs-en-la-casa-de-la-cultura\/","title":{"rendered":"ESTA NOCHE, 20,00 HS EN LA CASA DE LA CULTURA"},"content":{"rendered":"<p>Con una entrada libre y gratuita, Viviana Rol\u00f3n presentar\u00e1 a las 20,00 hs. su libro &#8220;LA VOZ DE MI SILENCIO&#8221; en la Casa de la Cultura, Juan E Martinez 690 de nuestra ciudad, para lo cual y al solo hecho de que Uds., adem\u00e1s de ser testigos de tan importante presentaci\u00f3n, la acompa\u00f1en a su escritora, la Comisi\u00f3n Directiva de este lugar tienen el agrado de cursarle a todos la presente invitaci\u00f3n.<\/p>\n","protected":false},"excerpt":{"rendered":"<p>Con una entrada libre y gratuita, Viviana Rol\u00f3n presentar\u00e1 a las 20,00 hs. su libro &#8220;LA VOZ DE MI SILENCIO&#8221; en la Casa de la Cultura, Juan E Martinez 690 de nuestra ciudad, para lo cual y al solo hecho de que Uds., adem\u00e1s de ser testigos de tan importante presentaci\u00f3n, la acompa\u00f1en a su [&hellip;]<\/p>\n","protected":false},"author":4,"featured_media":139813,"comment_status":"closed","ping_status":"closed","sticky":false,"template":"","format":"standard","meta":{"footnotes":""},"categories":[45],"tags":[],"class_list":{"0":"post-139812","1":"post","2":"type-post","3":"status-publish","4":"format-standard","5":"has-post-thumbnail","7":"category-locales"},"_links":{"self":[{"href":"https:\/\/revistaesperanzas.com\/web\/wp-json\/wp\/v2\/posts\/139812","targetHints":{"allow":["GET"]}}],"collection":[{"href":"https:\/\/revistaesperanzas.com\/web\/wp-json\/wp\/v2\/posts"}],"about":[{"href":"https:\/\/revistaesperanzas.com\/web\/wp-json\/wp\/v2\/types\/post"}],"author":[{"embeddable":true,"href":"https:\/\/revistaesperanzas.com\/web\/wp-json\/wp\/v2\/users\/4"}],"replies":[{"embeddable":true,"href":"https:\/\/revistaesperanzas.com\/web\/wp-json\/wp\/v2\/comments?post=139812"}],"version-history":[{"count":1,"href":"https:\/\/revistaesperanzas.com\/web\/wp-json\/wp\/v2\/posts\/139812\/revisions"}],"predecessor-version":[{"id":139814,"href":"https:\/\/revistaesperanzas.com\/web\/wp-json\/wp\/v2\/posts\/139812\/revisions\/139814"}],"wp:featuredmedia":[{"embeddable":true,"href":"https:\/\/revistaesperanzas.com\/web\/wp-json\/wp\/v2\/media\/139813"}],"wp:attachment":[{"href":"https:\/\/revistaesperanzas.com\/web\/wp-json\/wp\/v2\/media?parent=139812"}],"wp:term":[{"taxonomy":"category","embeddable":true,"href":"https:\/\/revistaesperanzas.com\/web\/wp-json\/wp\/v2\/categories?post=139812"},{"taxonomy":"post_tag","embeddable":true,"href":"https:\/\/revistaesperanzas.com\/web\/wp-json\/wp\/v2\/tags?post=139812"}],"curies":[{"name":"wp","href":"https:\/\/api.w.org\/{rel}","templated":true}]}}