{"id":139816,"date":"2025-12-04T19:35:05","date_gmt":"2025-12-04T22:35:05","guid":{"rendered":"https:\/\/revistaesperanzas.com\/web\/?p=139816"},"modified":"2025-12-04T19:59:16","modified_gmt":"2025-12-04T22:59:16","slug":"139816","status":"publish","type":"post","link":"https:\/\/revistaesperanzas.com\/web\/2025\/12\/139816\/","title":{"rendered":"NO LE DIERON TIEMPO NI PARA LLAMAR POR TEL\u00c9FONO"},"content":{"rendered":"<p>PASO DE LOS LIBRES\u00a0 &#8211;\u00a0 En rapido y eficaz accionar, la Polic\u00eda logr\u00f3 recuperar un telefono celular y aprehendi\u00f3 al presunto autor del hecho<\/p>\n<p>En horas de la noche de ayer 03-12-25, efectivos policiales de la Comisar\u00eda de distrito segunda de Paso de los Libres, en colaboraci\u00f3n con la unidad fiscal interviniente, tras un rapido y eficaz accionar, lograron recuperar un telefono denunciado como sustra\u00eddo y aprehendieron al presunto autor del hecho.<\/p>\n<p>El procedimiento lo realizaron los mencionados polic\u00edas, cerca de las 23:30horas, cuando tras tomar conocimiento de la sustracci\u00f3n del telefono celular, iniciaorn diversos trabajos de investigaci\u00f3n, que posibilit\u00f3 identificar al presunto autor del hecho, tal es as\u00ed que en inmediaciones de calles Bonpland y Belgrano de esa ciudad, logran localizar y aprehender a esta persona, un hombre de 45 a\u00f1os de edad, hallando en poder del mismo el telefono que fuera denunciado como sustra\u00eddo.<\/p>\n<p>El aprehendido junto al telefono recuperado fueron puestos a disposici\u00f3n de la autoridad fiscal interviniente, siendo trasladados a la citada dependencia policial, donde se prosigue con los tramites que corresponden.<\/p>\n","protected":false},"excerpt":{"rendered":"<p>PASO DE LOS LIBRES\u00a0 &#8211;\u00a0 En rapido y eficaz accionar, la Polic\u00eda logr\u00f3 recuperar un telefono celular y aprehendi\u00f3 al presunto autor del hecho En horas de la noche de ayer 03-12-25, efectivos policiales de la Comisar\u00eda de distrito segunda de Paso de los Libres, en colaboraci\u00f3n con la unidad fiscal interviniente, tras un rapido [&hellip;]<\/p>\n","protected":false},"author":4,"featured_media":139821,"comment_status":"closed","ping_status":"closed","sticky":false,"template":"","format":"standard","meta":{"footnotes":""},"categories":[58],"tags":[],"class_list":{"0":"post-139816","1":"post","2":"type-post","3":"status-publish","4":"format-standard","5":"has-post-thumbnail","7":"category-corrientes"},"_links":{"self":[{"href":"https:\/\/revistaesperanzas.com\/web\/wp-json\/wp\/v2\/posts\/139816","targetHints":{"allow":["GET"]}}],"collection":[{"href":"https:\/\/revistaesperanzas.com\/web\/wp-json\/wp\/v2\/posts"}],"about":[{"href":"https:\/\/revistaesperanzas.com\/web\/wp-json\/wp\/v2\/types\/post"}],"author":[{"embeddable":true,"href":"https:\/\/revistaesperanzas.com\/web\/wp-json\/wp\/v2\/users\/4"}],"replies":[{"embeddable":true,"href":"https:\/\/revistaesperanzas.com\/web\/wp-json\/wp\/v2\/comments?post=139816"}],"version-history":[{"count":3,"href":"https:\/\/revistaesperanzas.com\/web\/wp-json\/wp\/v2\/posts\/139816\/revisions"}],"predecessor-version":[{"id":139829,"href":"https:\/\/revistaesperanzas.com\/web\/wp-json\/wp\/v2\/posts\/139816\/revisions\/139829"}],"wp:featuredmedia":[{"embeddable":true,"href":"https:\/\/revistaesperanzas.com\/web\/wp-json\/wp\/v2\/media\/139821"}],"wp:attachment":[{"href":"https:\/\/revistaesperanzas.com\/web\/wp-json\/wp\/v2\/media?parent=139816"}],"wp:term":[{"taxonomy":"category","embeddable":true,"href":"https:\/\/revistaesperanzas.com\/web\/wp-json\/wp\/v2\/categories?post=139816"},{"taxonomy":"post_tag","embeddable":true,"href":"https:\/\/revistaesperanzas.com\/web\/wp-json\/wp\/v2\/tags?post=139816"}],"curies":[{"name":"wp","href":"https:\/\/api.w.org\/{rel}","templated":true}]}}