{"id":139823,"date":"2025-12-04T19:53:09","date_gmt":"2025-12-04T22:53:09","guid":{"rendered":"https:\/\/revistaesperanzas.com\/web\/?p=139823"},"modified":"2025-12-04T19:53:09","modified_gmt":"2025-12-04T22:53:09","slug":"secuestran-animales-denunciados-como-desaparecidos","status":"publish","type":"post","link":"https:\/\/revistaesperanzas.com\/web\/2025\/12\/secuestran-animales-denunciados-como-desaparecidos\/","title":{"rendered":"SECUESTRAN ANIMALES DENUNCIADOS COMO DESAPARECIDOS"},"content":{"rendered":"<p>PERUGORR\u00cdA\u00a0 &#8211;\u00a0 La Polic\u00eda recuper\u00f3 animales que fueran denunciados como sustra\u00eddos<\/p>\n<p>Efectivos policiales de la Unidad especial de Seguridad rural y ecol\u00f3gica de Perugorria, en colaboraci\u00f3n con la unidad fiscal interviniente, en el marco de labores de investigaci\u00f3n desplegados en relaci\u00f3n a un hecho de abigeato, finalmente posibilit\u00f3 hallar y recuperar dichos semovientes.<\/p>\n<p>Los distitnots trabajos desplegados llev\u00f3 a los efectivos hasta un establecimiento ubicado por Ruta Provincial N\u00b023, lugar donde finalmente lograron recuperar en uno de los poteriors los animales que fueran denunciados como sustra\u00eddos.<\/p>\n<p>De todo ello, se puso en conocimiento de la autoridad fiscal interviniente, para luego ser entregados a su propietaria, en tanto, en la citada dependencia policial se prosigue con los tramites que corresponden.<\/p>\n","protected":false},"excerpt":{"rendered":"<p>PERUGORR\u00cdA\u00a0 &#8211;\u00a0 La Polic\u00eda recuper\u00f3 animales que fueran denunciados como sustra\u00eddos Efectivos policiales de la Unidad especial de Seguridad rural y ecol\u00f3gica de Perugorria, en colaboraci\u00f3n con la unidad fiscal interviniente, en el marco de labores de investigaci\u00f3n desplegados en relaci\u00f3n a un hecho de abigeato, finalmente posibilit\u00f3 hallar y recuperar dichos semovientes. Los distitnots [&hellip;]<\/p>\n","protected":false},"author":4,"featured_media":139825,"comment_status":"closed","ping_status":"closed","sticky":false,"template":"","format":"standard","meta":{"footnotes":""},"categories":[58],"tags":[],"class_list":{"0":"post-139823","1":"post","2":"type-post","3":"status-publish","4":"format-standard","5":"has-post-thumbnail","7":"category-corrientes"},"_links":{"self":[{"href":"https:\/\/revistaesperanzas.com\/web\/wp-json\/wp\/v2\/posts\/139823","targetHints":{"allow":["GET"]}}],"collection":[{"href":"https:\/\/revistaesperanzas.com\/web\/wp-json\/wp\/v2\/posts"}],"about":[{"href":"https:\/\/revistaesperanzas.com\/web\/wp-json\/wp\/v2\/types\/post"}],"author":[{"embeddable":true,"href":"https:\/\/revistaesperanzas.com\/web\/wp-json\/wp\/v2\/users\/4"}],"replies":[{"embeddable":true,"href":"https:\/\/revistaesperanzas.com\/web\/wp-json\/wp\/v2\/comments?post=139823"}],"version-history":[{"count":1,"href":"https:\/\/revistaesperanzas.com\/web\/wp-json\/wp\/v2\/posts\/139823\/revisions"}],"predecessor-version":[{"id":139826,"href":"https:\/\/revistaesperanzas.com\/web\/wp-json\/wp\/v2\/posts\/139823\/revisions\/139826"}],"wp:featuredmedia":[{"embeddable":true,"href":"https:\/\/revistaesperanzas.com\/web\/wp-json\/wp\/v2\/media\/139825"}],"wp:attachment":[{"href":"https:\/\/revistaesperanzas.com\/web\/wp-json\/wp\/v2\/media?parent=139823"}],"wp:term":[{"taxonomy":"category","embeddable":true,"href":"https:\/\/revistaesperanzas.com\/web\/wp-json\/wp\/v2\/categories?post=139823"},{"taxonomy":"post_tag","embeddable":true,"href":"https:\/\/revistaesperanzas.com\/web\/wp-json\/wp\/v2\/tags?post=139823"}],"curies":[{"name":"wp","href":"https:\/\/api.w.org\/{rel}","templated":true}]}}