{"id":139840,"date":"2025-12-04T22:29:33","date_gmt":"2025-12-05T01:29:33","guid":{"rendered":"https:\/\/revistaesperanzas.com\/web\/?p=139840"},"modified":"2025-12-04T22:29:33","modified_gmt":"2025-12-05T01:29:33","slug":"diogenes-gonzalez-asumio-como-diputado-nacional-y-sorprendio-al-jurar-en-nombre-de-genaro-beron-de-astrada","status":"publish","type":"post","link":"https:\/\/revistaesperanzas.com\/web\/2025\/12\/diogenes-gonzalez-asumio-como-diputado-nacional-y-sorprendio-al-jurar-en-nombre-de-genaro-beron-de-astrada\/","title":{"rendered":"DI\u00d3GENES GONZ\u00c1LEZ ASUMI\u00d3 COMO DIPUTADO NACIONAL Y SORPRENDI\u00d3 AL JURAR EN NOMBRE DE GENARO BER\u00d3N DE ASTRADA"},"content":{"rendered":"<p style=\"font-weight: 400;\">\u201cQuise patentizar la lucha de Corrientes por la igualdad y el federalismo\u201d.<\/p>\n<p style=\"font-weight: 400;\">En una semana marcada por recambios institucionales tanto en la provincia como en la Naci\u00f3n, el escenario pol\u00edtico correntino sum\u00f3 un hecho durante la jura de los nuevos legisladores nacionales. Uno de los momentos m\u00e1s llamativos lo protagoniz\u00f3 el flamante diputado nacional por Corrientes, Di\u00f3genes Gonz\u00e1lez, quien sorprendi\u00f3 por la hist\u00f3rica figura elegida al momento de prestar juramento: el gobernador correntino ca\u00eddo en combate, Genaro Ber\u00f3n de Astrada.<a href=\"https:\/\/revistaesperanzas.com\/web\/2025\/12\/diogenes-gonzalez-asumio-como-diputado-nacional-y-sorprendio-al-jurar-en-nombre-de-genaro-beron-de-astrada\/diogenes-gonzalez-3\/\" rel=\"attachment wp-att-139842\"><img loading=\"lazy\" decoding=\"async\" class=\"wp-image-139842 alignleft\" src=\"https:\/\/revistaesperanzas.com\/web\/wp-content\/uploads\/2025\/12\/DIOGENES-GONZALEZ-3.jpeg\" alt=\"\" width=\"550\" height=\"364\" \/><\/a><\/p>\n<p style=\"font-weight: 400;\">Durante una entrevista con Radio Ciudad 88.3, el legislador explic\u00f3 las razones de su decisi\u00f3n, generando un fuerte inter\u00e9s medi\u00e1tico y pol\u00edtico. \u201cLo que quise hacer con eso es utilizar ese momento de mucha exposici\u00f3n medi\u00e1tica para patentizar en una sola palabra o en una sola persona, la lucha de Corrientes que tiene 200 a\u00f1os por la igualdad econ\u00f3mica y por el federalismo\u201d, sostuvo Di\u00f3genes Gonz\u00e1lez al ser consultado sobre su elecci\u00f3n.<\/p>\n<p style=\"font-weight: 400;\">El diputado profundiz\u00f3 a\u00fan m\u00e1s al recordar la figura del gobernador ca\u00eddo en combate: \u201cY, la verdad que un gobernador que muere en batalla, es un raro privilegio que tenemos los correntinos, porque tenemos un gobernador que muri\u00f3 en una batalla luchando contra la tiran\u00eda de Rosas\u201d, expres\u00f3 Gonz\u00e1lez.<\/p>\n<p style=\"font-weight: 400;\">La decisi\u00f3n, seg\u00fan explic\u00f3, tambi\u00e9n busc\u00f3 interpelar a la opini\u00f3n p\u00fablica y al periodismo nacional: \u201cAs\u00ed que quise patentizar en esa situaci\u00f3n y un poco llevar a que los periodistas de Buenos Aires investiguen qui\u00e9n era Ber\u00f3n de Astrada, que los j\u00f3venes se preocupen en investigar qui\u00e9n fue Ber\u00f3n de Astrada y comprender un poco la lucha que tiene la provincia de Corrientes. La verdad es que el lema que yo tuve en la campa\u00f1a fue defender Corrientes, as\u00ed que es lo que pienso hacer y quise mostrar un poco esta simbolog\u00eda\u201d, subray\u00f3 el legislador.<\/p>\n<p style=\"font-weight: 400;\">Al evaluar el impacto de su gesto, fue categ\u00f3rico: \u201cCreo que se logr\u00f3, ahora queda trabajar con los proyectos, pero se logr\u00f3 un poco llamar la atenci\u00f3n en este punto. Son momentos en los que la experiencia tambi\u00e9n nos indica que hay que hacer estas cosas\u201d, afirm\u00f3 Di\u00f3genes Gonz\u00e1lez.<\/p>\n<p style=\"font-weight: 400;\">UN FEDERALISMO REAL Y NO DECLAMATIVO<\/p>\n<p style=\"font-weight: 400;\">La referencia a Ber\u00f3n de Astrada no fue casual. Para el nuevo diputado, su figura<a href=\"https:\/\/revistaesperanzas.com\/web\/2025\/12\/diogenes-gonzalez-asumio-como-diputado-nacional-y-sorprendio-al-jurar-en-nombre-de-genaro-beron-de-astrada\/diogenes-gonzalez-2\/\" rel=\"attachment wp-att-139843\"><img loading=\"lazy\" decoding=\"async\" class=\" wp-image-139843 alignleft\" src=\"https:\/\/revistaesperanzas.com\/web\/wp-content\/uploads\/2025\/12\/DIOGENES-GONZALEZ-2.jpeg\" alt=\"\" width=\"500\" height=\"306\" \/><\/a> representa un faro para el proyecto pol\u00edtico que integra. \u201cPor supuesto, esto es el planteo que hemos hecho, hemos querido llamar la atenci\u00f3n de esta forma\u201d, indic\u00f3 Gonz\u00e1lez, destacando la necesidad de consolidar una mirada federal aut\u00e9ntica, en sinton\u00eda con los objetivos del bloque regional del Norte, encabezado por el gobernador Gustavo Vald\u00e9s.<\/p>\n<p style=\"font-weight: 400;\">Con el juramento ya realizado, el legislador iniciar\u00e1 formalmente su mandato el pr\u00f3ximo mi\u00e9rcoles: \u201cRealmente el mandato empieza el pr\u00f3ximo mi\u00e9rcoles 10, as\u00ed que voy a estar en funciones ya a partir del 10. Pero s\u00ed, ya hice el juramento\u201d, asegur\u00f3.<\/p>\n<p style=\"font-weight: 400;\">EXPECTATIVAS PARA SU ROL EN EL CONGRESO<\/p>\n<p style=\"font-weight: 400;\">Consultado sobre qu\u00e9 deben esperar los correntinos de su trabajo legislativo, Di\u00f3genes Gonz\u00e1lez fue claro: \u201cVamos a buscar di\u00e1logo, luchar por los intereses de Corrientes en cada proyecto que se trate en el Congreso, buscar la mirada federal, que est\u00e9 la mirada de los intereses que tiene la provincia de Corrientes\u201d.<\/p>\n<p style=\"font-weight: 400;\">En relaci\u00f3n al inminente debate de la reforma laboral, adelant\u00f3 su postura: \u201cPara darte un ejemplo, est\u00e1 por ingresar la reforma laboral, que estamos de acuerdo en l\u00edneas generales porque es una ley del a\u00f1o 1974 y debe ser modernizada de cara a los enormes cambios que ha introducido la tecnolog\u00eda y la econom\u00eda moderna\u201d.<\/p>\n<p style=\"font-weight: 400;\">Sin embargo, hizo una advertencia clave sobre el impacto en el sector productivo correntino: \u201cPero sin duda que nosotros queremos que se plantee el mundo PYME dentro de la reforma laboral. \u00bfQu\u00e9 pasa con las PYME? \u00bfC\u00f3mo hacemos para cuidar a las pymes, que son las que dan el grueso del empleo en la provincia de Corrientes? Si bien hay empresas grandes, el grueso del empleo pasa por las pymes\u201d.<\/p>\n<p style=\"font-weight: 400;\">Y agreg\u00f3: \u201c\u00bfC\u00f3mo hac\u00e9s para que las leyes laborales protejan a las pymes, que ahora hay que cuidarlas, para que no matemos la gallina de los huevos de oro? Porque a veces un conflicto laboral puede terminar fundiendo una peque\u00f1a empresa. As\u00ed que eso es una de las cosas que vamos a custodiar nosotros con mucho cuidado: el futuro de las pymes en la reforma laboral. Sobre cada proyecto siempre vamos a tener una mirada de c\u00f3mo defendemos nuestros intereses en favor de estas cosas\u201d, asever\u00f3 Gonz\u00e1lez.<\/p>\n<p style=\"font-weight: 400;\">\u201cEn l\u00edneas generales, estamos a favor de la reforma de la ley laboral, pero queremos tener esta mirada\u201d, a\u00f1adi\u00f3.<\/p>\n<p style=\"font-weight: 400;\">\u201cEL DI\u00c1LOGO REPUBLICANO EST\u00c1 MUY AUSENTE\u201d<\/p>\n<p style=\"font-weight: 400;\">En l\u00ednea con lo expresado por la coalici\u00f3n \u201cVamos Corrientes\u201d, Di\u00f3genes Gonz\u00e1lez insisti\u00f3 en la necesidad de evitar la confrontaci\u00f3n vac\u00eda y apostar al trabajo institucional serio.<\/p>\n<p style=\"font-weight: 400;\">\u201cEso es muy excluyente: el di\u00e1logo pol\u00edtico hoy. El di\u00e1logo republicano est\u00e1 muy ausente, la verdad que se refleja una confrontaci\u00f3n tal vez inclusive hasta vac\u00eda\u201d, se\u00f1al\u00f3.<\/p>\n<p style=\"font-weight: 400;\">\u201cVac\u00eda de contenido, con mucha gestualidad, que es un poco lo que se vivi\u00f3 ayer en el clima en el Congreso\u201d, agreg\u00f3.<\/p>\n<p style=\"font-weight: 400;\">Luego remarc\u00f3 el camino de trabajo que se propone: \u201cNosotros vamos a apostar a trabajar en las comisiones y hacer nuestro aporte en los proyectos, en la letra chica de los proyectos, e ir al fondo de los temas, porque vamos a eso: a estudiar los proyectos y a conseguir cosas para la provincia de Corrientes. Que las normas que se vayan adoptando tengan una mirada de la econom\u00eda nuestra, de c\u00f3mo nos desarrollamos, de los temas que est\u00e1n pendientes. As\u00ed que en esa l\u00ednea vamos a trabajar\u201d, subray\u00f3 Gonz\u00e1lez.<\/p>\n<p style=\"font-weight: 400;\">PYMES, INDUSTRIA Y REFORMA IMPOSITIVA<\/p>\n<p style=\"font-weight: 400;\">El legislador tambi\u00e9n se refiri\u00f3 al crecimiento de sectores clave de la econom\u00eda correntina \u2014como los parques industriales, la foresto industria y los productos regionales\u2014 y advirti\u00f3 sobre la necesidad de proteger a los emprendedores.<\/p>\n<p style=\"font-weight: 400;\">\u201cPor supuesto, todas las reformas tambi\u00e9n van a venir de la mano de la reforma impositiva. Seguramente la consideraci\u00f3n de los monotributos, por ejemplo, que es un tema que est\u00e1 muy discutido: qu\u00e9 va a pasar con la categor\u00eda de los monotributos, que es la manera en que el emprendedor blanquea, que tiene de incorporarse en la econom\u00eda formal, emitir facturas y poder tener una participaci\u00f3n en la econom\u00eda formal\u201d, explic\u00f3.<\/p>\n<p style=\"font-weight: 400;\">\u201cAs\u00ed que tambi\u00e9n vamos a estar atentos con ese tema porque ah\u00ed la categor\u00eda monotributista es muy importante para el emprendedor\u201d, a\u00f1adi\u00f3 Di\u00f3genes Gonz\u00e1lez.<\/p>\n","protected":false},"excerpt":{"rendered":"<p>\u201cQuise patentizar la lucha de Corrientes por la igualdad y el federalismo\u201d. En una semana marcada por recambios institucionales tanto en la provincia como en la Naci\u00f3n, el escenario pol\u00edtico correntino sum\u00f3 un hecho durante la jura de los nuevos legisladores nacionales. Uno de los momentos m\u00e1s llamativos lo protagoniz\u00f3 el flamante diputado nacional por [&hellip;]<\/p>\n","protected":false},"author":4,"featured_media":139841,"comment_status":"closed","ping_status":"closed","sticky":false,"template":"","format":"standard","meta":{"footnotes":""},"categories":[4],"tags":[],"class_list":{"0":"post-139840","1":"post","2":"type-post","3":"status-publish","4":"format-standard","5":"has-post-thumbnail","7":"category-nacionales"},"_links":{"self":[{"href":"https:\/\/revistaesperanzas.com\/web\/wp-json\/wp\/v2\/posts\/139840","targetHints":{"allow":["GET"]}}],"collection":[{"href":"https:\/\/revistaesperanzas.com\/web\/wp-json\/wp\/v2\/posts"}],"about":[{"href":"https:\/\/revistaesperanzas.com\/web\/wp-json\/wp\/v2\/types\/post"}],"author":[{"embeddable":true,"href":"https:\/\/revistaesperanzas.com\/web\/wp-json\/wp\/v2\/users\/4"}],"replies":[{"embeddable":true,"href":"https:\/\/revistaesperanzas.com\/web\/wp-json\/wp\/v2\/comments?post=139840"}],"version-history":[{"count":2,"href":"https:\/\/revistaesperanzas.com\/web\/wp-json\/wp\/v2\/posts\/139840\/revisions"}],"predecessor-version":[{"id":139845,"href":"https:\/\/revistaesperanzas.com\/web\/wp-json\/wp\/v2\/posts\/139840\/revisions\/139845"}],"wp:featuredmedia":[{"embeddable":true,"href":"https:\/\/revistaesperanzas.com\/web\/wp-json\/wp\/v2\/media\/139841"}],"wp:attachment":[{"href":"https:\/\/revistaesperanzas.com\/web\/wp-json\/wp\/v2\/media?parent=139840"}],"wp:term":[{"taxonomy":"category","embeddable":true,"href":"https:\/\/revistaesperanzas.com\/web\/wp-json\/wp\/v2\/categories?post=139840"},{"taxonomy":"post_tag","embeddable":true,"href":"https:\/\/revistaesperanzas.com\/web\/wp-json\/wp\/v2\/tags?post=139840"}],"curies":[{"name":"wp","href":"https:\/\/api.w.org\/{rel}","templated":true}]}}