{"id":139864,"date":"2025-12-05T10:38:58","date_gmt":"2025-12-05T13:38:58","guid":{"rendered":"https:\/\/revistaesperanzas.com\/web\/?p=139864"},"modified":"2025-12-05T10:38:58","modified_gmt":"2025-12-05T13:38:58","slug":"direccion-de-investigacion-criminal-de-la-policia-de-corrientes","status":"publish","type":"post","link":"https:\/\/revistaesperanzas.com\/web\/2025\/12\/direccion-de-investigacion-criminal-de-la-policia-de-corrientes\/","title":{"rendered":"DIRECCI\u00d3N DE INVESTIGACI\u00d3N CRIMINAL DE LA POLICIA DE CORRIENTES"},"content":{"rendered":"<p>En colaboraci\u00f3n con la Polic\u00eda de Entre R\u00edos, tras diligenciar un allanamiento, secuestr\u00f3 varias cosas vinculadas a una causa judicial iniciada en la citada provincia. Dos personas se encuentran a disposici\u00f3n de la justicia.<\/p>\n<p>Efectivos policiales de la Direcci\u00f3n de Investigaci\u00f3n Criminal, en colaboraci\u00f3n a la Polic\u00eda de la provincia Entre R\u00edos, realizaron diversas tareas investigativas y diligenciaron una orden de allanamiento de exhorto , donde secuestraron dinero en efectivo y otras cosas, adem\u00e1s, procedieron a la detenci\u00f3n de una mujer, qui\u00e9n estar\u00eda sindicada como presunto autor del hecho. Tambi\u00e9n secuestraron un veh\u00edculo automotor y demoraron a un hombre presuntamente vinculado a la causa que se investiga.<\/p>\n<p>Luego de recibir el pedido de colaboraci\u00f3n por parte de las autoridades de la provincia de Concordia &#8211; Entre R\u00edos, los citados efectivos realizaron amplias tareas investigativas, lo que posibilit\u00f3 diligenciar el mandato judicial en una vivienda ubicada en el barrio Industrial de esta ciudad, donde hallaron y secuestraron varios objetos relacionados a la causa que se investiga, adem\u00e1s, una mujer &#8211; de 60 a\u00f1os de edad- fue detenida. Posteriormente y siguiendo la l\u00ednea investigativa, procedieron al secuestro preventivo de un veh\u00edculo automotor &#8211; marca Mercedes Benz- y a la demora de un hombre -mayor de edad-, los cuales tambi\u00e9n guardar\u00edan relaci\u00f3n con la presente causa.<\/p>\n<p>Los demorados junto a los elementos secuestrados fueron puestos a disposici\u00f3n de las autoridades judiciales correspondientes y traslados a la citada dependencia donde se continuaron con los tr\u00e1mites de rigor.<\/p>\n","protected":false},"excerpt":{"rendered":"<p>En colaboraci\u00f3n con la Polic\u00eda de Entre R\u00edos, tras diligenciar un allanamiento, secuestr\u00f3 varias cosas vinculadas a una causa judicial iniciada en la citada provincia. Dos personas se encuentran a disposici\u00f3n de la justicia. Efectivos policiales de la Direcci\u00f3n de Investigaci\u00f3n Criminal, en colaboraci\u00f3n a la Polic\u00eda de la provincia Entre R\u00edos, realizaron diversas tareas [&hellip;]<\/p>\n","protected":false},"author":4,"featured_media":139865,"comment_status":"closed","ping_status":"closed","sticky":false,"template":"","format":"standard","meta":{"footnotes":""},"categories":[58],"tags":[],"class_list":{"0":"post-139864","1":"post","2":"type-post","3":"status-publish","4":"format-standard","5":"has-post-thumbnail","7":"category-corrientes"},"_links":{"self":[{"href":"https:\/\/revistaesperanzas.com\/web\/wp-json\/wp\/v2\/posts\/139864","targetHints":{"allow":["GET"]}}],"collection":[{"href":"https:\/\/revistaesperanzas.com\/web\/wp-json\/wp\/v2\/posts"}],"about":[{"href":"https:\/\/revistaesperanzas.com\/web\/wp-json\/wp\/v2\/types\/post"}],"author":[{"embeddable":true,"href":"https:\/\/revistaesperanzas.com\/web\/wp-json\/wp\/v2\/users\/4"}],"replies":[{"embeddable":true,"href":"https:\/\/revistaesperanzas.com\/web\/wp-json\/wp\/v2\/comments?post=139864"}],"version-history":[{"count":1,"href":"https:\/\/revistaesperanzas.com\/web\/wp-json\/wp\/v2\/posts\/139864\/revisions"}],"predecessor-version":[{"id":139866,"href":"https:\/\/revistaesperanzas.com\/web\/wp-json\/wp\/v2\/posts\/139864\/revisions\/139866"}],"wp:featuredmedia":[{"embeddable":true,"href":"https:\/\/revistaesperanzas.com\/web\/wp-json\/wp\/v2\/media\/139865"}],"wp:attachment":[{"href":"https:\/\/revistaesperanzas.com\/web\/wp-json\/wp\/v2\/media?parent=139864"}],"wp:term":[{"taxonomy":"category","embeddable":true,"href":"https:\/\/revistaesperanzas.com\/web\/wp-json\/wp\/v2\/categories?post=139864"},{"taxonomy":"post_tag","embeddable":true,"href":"https:\/\/revistaesperanzas.com\/web\/wp-json\/wp\/v2\/tags?post=139864"}],"curies":[{"name":"wp","href":"https:\/\/api.w.org\/{rel}","templated":true}]}}