{"id":139867,"date":"2025-12-05T10:45:03","date_gmt":"2025-12-05T13:45:03","guid":{"rendered":"https:\/\/revistaesperanzas.com\/web\/?p=139867"},"modified":"2025-12-05T10:45:03","modified_gmt":"2025-12-05T13:45:03","slug":"139867","status":"publish","type":"post","link":"https:\/\/revistaesperanzas.com\/web\/2025\/12\/139867\/","title":{"rendered":""},"content":{"rendered":"<p>ITAT\u00cd\u00a0 &#8211;\u00a0 En tareas de prevenci\u00f3n, la Polic\u00eda hall\u00f3 y secuestr\u00f3 14 panes de marihuana. Por el hecho un hombre se encuentra demorado.<\/p>\n<p>En la jornada de ayer 04-12-25, efectivos policiales de la Comisar\u00eda de Distrito Itat\u00ed junto a sus pares del \u00c1rea de Investigaci\u00f3n, dependientes de la Unidad Regional N\u00b0 1, realizando tareas de prevenci\u00f3n, hallaron y secuestraron 14 panes de cannabis sativa y demoraron a un hombre.<a href=\"https:\/\/revistaesperanzas.com\/web\/2025\/12\/139867\/whatsapp-image-2025-12-05-at-06-52-21\/\" rel=\"attachment wp-att-139869\"><img loading=\"lazy\" decoding=\"async\" class=\" wp-image-139869 alignleft\" src=\"https:\/\/revistaesperanzas.com\/web\/wp-content\/uploads\/2025\/12\/WhatsApp-Image-2025-12-05-at-06.52.21.jpeg\" alt=\"\" width=\"450\" height=\"509\" srcset=\"https:\/\/revistaesperanzas.com\/web\/wp-content\/uploads\/2025\/12\/WhatsApp-Image-2025-12-05-at-06.52.21.jpeg 600w, https:\/\/revistaesperanzas.com\/web\/wp-content\/uploads\/2025\/12\/WhatsApp-Image-2025-12-05-at-06.52.21-371x420.jpeg 371w\" sizes=\"auto, (max-width: 450px) 100vw, 450px\" \/><\/a><\/p>\n<p>El procedimiento, fue realizado momentos en que observaron a una persona saliendo de una zona boscosa y al proceder a su identificaci\u00f3n, el mismo intent\u00f3 huir del lugar, siendo alcanzado metros adelante, resultando ser un hombre -mayor de edad-, qui\u00e9n en su poder, adem\u00e1s llevaba 700gramos de una sustancia de origen vegetal presumiblemente marihuana.<\/p>\n<p>Posteriormente los citados efectivos siguiendo la l\u00ednea investigativa, ingresaron a la zona de alta vegetaci\u00f3n y all\u00ed hallaron 14 panes de una sustancia vegetal, por lo que, solicitaron la colaboraci\u00f3n del personal de la Divisi\u00f3n de Drogas Peligrosas y Crimen Organizado, quienes realizaron el correspondiente test orientativo, el cual arroj\u00f3 resultado positivo, dando c\u00f3mo\u00a0 marihuana de m\u00e1xima pureza, con un peso de m\u00e1s de 9,00 kilogramos aproximadamente.<\/p>\n<p>En el lugar tambi\u00e9n estuvo presente el Jefe de Polic\u00eda Crio. Gral. Lic. Mugue \u00c1ngel Leguizam\u00f3n, quien superviso y felicito al personal por la labor realizada.<\/p>\n<p>El demorado junto a lo secuestrado fueron puestos a disposici\u00f3n de las autoridades judiciales en turno y trasladados a la citada dependencia donde se continuaron con los tr\u00e1mites de rigor.<\/p>\n","protected":false},"excerpt":{"rendered":"<p>ITAT\u00cd\u00a0 &#8211;\u00a0 En tareas de prevenci\u00f3n, la Polic\u00eda hall\u00f3 y secuestr\u00f3 14 panes de marihuana. Por el hecho un hombre se encuentra demorado. En la jornada de ayer 04-12-25, efectivos policiales de la Comisar\u00eda de Distrito Itat\u00ed junto a sus pares del \u00c1rea de Investigaci\u00f3n, dependientes de la Unidad Regional N\u00b0 1, realizando tareas de [&hellip;]<\/p>\n","protected":false},"author":4,"featured_media":139868,"comment_status":"closed","ping_status":"closed","sticky":false,"template":"","format":"standard","meta":{"footnotes":""},"categories":[58],"tags":[],"class_list":{"0":"post-139867","1":"post","2":"type-post","3":"status-publish","4":"format-standard","5":"has-post-thumbnail","7":"category-corrientes"},"_links":{"self":[{"href":"https:\/\/revistaesperanzas.com\/web\/wp-json\/wp\/v2\/posts\/139867","targetHints":{"allow":["GET"]}}],"collection":[{"href":"https:\/\/revistaesperanzas.com\/web\/wp-json\/wp\/v2\/posts"}],"about":[{"href":"https:\/\/revistaesperanzas.com\/web\/wp-json\/wp\/v2\/types\/post"}],"author":[{"embeddable":true,"href":"https:\/\/revistaesperanzas.com\/web\/wp-json\/wp\/v2\/users\/4"}],"replies":[{"embeddable":true,"href":"https:\/\/revistaesperanzas.com\/web\/wp-json\/wp\/v2\/comments?post=139867"}],"version-history":[{"count":2,"href":"https:\/\/revistaesperanzas.com\/web\/wp-json\/wp\/v2\/posts\/139867\/revisions"}],"predecessor-version":[{"id":139871,"href":"https:\/\/revistaesperanzas.com\/web\/wp-json\/wp\/v2\/posts\/139867\/revisions\/139871"}],"wp:featuredmedia":[{"embeddable":true,"href":"https:\/\/revistaesperanzas.com\/web\/wp-json\/wp\/v2\/media\/139868"}],"wp:attachment":[{"href":"https:\/\/revistaesperanzas.com\/web\/wp-json\/wp\/v2\/media?parent=139867"}],"wp:term":[{"taxonomy":"category","embeddable":true,"href":"https:\/\/revistaesperanzas.com\/web\/wp-json\/wp\/v2\/categories?post=139867"},{"taxonomy":"post_tag","embeddable":true,"href":"https:\/\/revistaesperanzas.com\/web\/wp-json\/wp\/v2\/tags?post=139867"}],"curies":[{"name":"wp","href":"https:\/\/api.w.org\/{rel}","templated":true}]}}