{"id":139872,"date":"2025-12-05T10:48:30","date_gmt":"2025-12-05T13:48:30","guid":{"rendered":"https:\/\/revistaesperanzas.com\/web\/?p=139872"},"modified":"2025-12-05T10:48:30","modified_gmt":"2025-12-05T13:48:30","slug":"siniestro-vial-con-consecuencia-fatal-2","status":"publish","type":"post","link":"https:\/\/revistaesperanzas.com\/web\/2025\/12\/siniestro-vial-con-consecuencia-fatal-2\/","title":{"rendered":"SINIESTRO VIAL CON CONSECUENCIA FATAL"},"content":{"rendered":"<p>MERCEDES\u00a0 &#8211; &#8211; En horas de la tarde de ayer 04-12-25, cerca de las 19:30horas, por Ruta Provincial N\u00b040 a unos 15 km de la ciudad de Mercedes, por causas que se tratan de establecer se habr\u00eda producido un siniestro vial con consecuencia fatal.<\/p>\n<p>Conforme a las primeras averiguaciones, el siniestro tuvo como protagonista a un cami\u00f3n con acoplado \u2013marca Scania-, conducido por un hombre de apellido Campos \u2013mayor de edad-, y una motocicleta \u2013marca Honda XR 150c.c.- guiada por un hombre de apellido Cabrera \u2013de 30 a\u00f1os de edad-; a consecuencia del mismo, lamentablemente se produjo el deceso del motociclista.<\/p>\n<p>En el lugar se realizaron las diligencias del caso, con intervenci\u00f3n de la autoridad fiscal en turno, en tanto, en la Comisar\u00eda de distrito Tercera de Mercedes se prosigue con los tr\u00e1mites que corresponden.<\/p>\n","protected":false},"excerpt":{"rendered":"<p>MERCEDES\u00a0 &#8211; &#8211; En horas de la tarde de ayer 04-12-25, cerca de las 19:30horas, por Ruta Provincial N\u00b040 a unos 15 km de la ciudad de Mercedes, por causas que se tratan de establecer se habr\u00eda producido un siniestro vial con consecuencia fatal. Conforme a las primeras averiguaciones, el siniestro tuvo como protagonista a [&hellip;]<\/p>\n","protected":false},"author":4,"featured_media":139873,"comment_status":"closed","ping_status":"closed","sticky":false,"template":"","format":"standard","meta":{"footnotes":""},"categories":[58],"tags":[],"class_list":{"0":"post-139872","1":"post","2":"type-post","3":"status-publish","4":"format-standard","5":"has-post-thumbnail","7":"category-corrientes"},"_links":{"self":[{"href":"https:\/\/revistaesperanzas.com\/web\/wp-json\/wp\/v2\/posts\/139872","targetHints":{"allow":["GET"]}}],"collection":[{"href":"https:\/\/revistaesperanzas.com\/web\/wp-json\/wp\/v2\/posts"}],"about":[{"href":"https:\/\/revistaesperanzas.com\/web\/wp-json\/wp\/v2\/types\/post"}],"author":[{"embeddable":true,"href":"https:\/\/revistaesperanzas.com\/web\/wp-json\/wp\/v2\/users\/4"}],"replies":[{"embeddable":true,"href":"https:\/\/revistaesperanzas.com\/web\/wp-json\/wp\/v2\/comments?post=139872"}],"version-history":[{"count":1,"href":"https:\/\/revistaesperanzas.com\/web\/wp-json\/wp\/v2\/posts\/139872\/revisions"}],"predecessor-version":[{"id":139874,"href":"https:\/\/revistaesperanzas.com\/web\/wp-json\/wp\/v2\/posts\/139872\/revisions\/139874"}],"wp:featuredmedia":[{"embeddable":true,"href":"https:\/\/revistaesperanzas.com\/web\/wp-json\/wp\/v2\/media\/139873"}],"wp:attachment":[{"href":"https:\/\/revistaesperanzas.com\/web\/wp-json\/wp\/v2\/media?parent=139872"}],"wp:term":[{"taxonomy":"category","embeddable":true,"href":"https:\/\/revistaesperanzas.com\/web\/wp-json\/wp\/v2\/categories?post=139872"},{"taxonomy":"post_tag","embeddable":true,"href":"https:\/\/revistaesperanzas.com\/web\/wp-json\/wp\/v2\/tags?post=139872"}],"curies":[{"name":"wp","href":"https:\/\/api.w.org\/{rel}","templated":true}]}}