{"id":139879,"date":"2025-12-05T19:04:51","date_gmt":"2025-12-05T22:04:51","guid":{"rendered":"https:\/\/revistaesperanzas.com\/web\/?p=139879"},"modified":"2025-12-05T19:04:51","modified_gmt":"2025-12-05T22:04:51","slug":"se-estaban-afanando-un-caballo-por-el-agua","status":"publish","type":"post","link":"https:\/\/revistaesperanzas.com\/web\/2025\/12\/se-estaban-afanando-un-caballo-por-el-agua\/","title":{"rendered":"SE ESTABAN &#8220;AFANANDO&#8221; UN CABALLO POR EL AGUA"},"content":{"rendered":"<p>ITUZAING\u00d3\u00a0 &#8211;\u00a0 La Polic\u00eda sorprendi\u00f3 a unas personas que llevaban a nada un animal equino y que se presume que intentaban sustraer<\/p>\n<p>Efectivos policiales de la Unidad especial de seguridad rural y ecol\u00f3gica de Ituzaingo, en momentos en que realizaban sus labores de prevenci\u00f3n, en zona de la Costa, sorprendieron a unas personas a bordo de una canoa que llevaban un equino y que se presume que intentaban sustraerlo.<\/p>\n<p>El procedimiento lo realizaron los mencionados polic\u00edas, cuando patrullaban la costa, divisan una canoa con tres hombres remolcando un caballo a nado, desde Isla Apip\u00e9 Chico, en inmediaciones de la Reserva Ecol\u00f3gica Yacyret\u00e1 (zona \u201cLa Mosca\u201d), quienes al advertir la presencia policial, huyen y abandonaron al animal equino.<\/p>\n<p>El caballo fue secuestrado preventivamente y qued\u00f3 en resguardo policial mientras se investiga su procedencia, dando intervenci\u00f3n a la autoridad fiscal en turno, en tanto, en la citada dependencia policial se prosigue con los tramites que corresponden.<\/p>\n","protected":false},"excerpt":{"rendered":"<p>ITUZAING\u00d3\u00a0 &#8211;\u00a0 La Polic\u00eda sorprendi\u00f3 a unas personas que llevaban a nada un animal equino y que se presume que intentaban sustraer Efectivos policiales de la Unidad especial de seguridad rural y ecol\u00f3gica de Ituzaingo, en momentos en que realizaban sus labores de prevenci\u00f3n, en zona de la Costa, sorprendieron a unas personas a bordo [&hellip;]<\/p>\n","protected":false},"author":4,"featured_media":139880,"comment_status":"closed","ping_status":"closed","sticky":false,"template":"","format":"standard","meta":{"footnotes":""},"categories":[58],"tags":[],"class_list":{"0":"post-139879","1":"post","2":"type-post","3":"status-publish","4":"format-standard","5":"has-post-thumbnail","7":"category-corrientes"},"_links":{"self":[{"href":"https:\/\/revistaesperanzas.com\/web\/wp-json\/wp\/v2\/posts\/139879","targetHints":{"allow":["GET"]}}],"collection":[{"href":"https:\/\/revistaesperanzas.com\/web\/wp-json\/wp\/v2\/posts"}],"about":[{"href":"https:\/\/revistaesperanzas.com\/web\/wp-json\/wp\/v2\/types\/post"}],"author":[{"embeddable":true,"href":"https:\/\/revistaesperanzas.com\/web\/wp-json\/wp\/v2\/users\/4"}],"replies":[{"embeddable":true,"href":"https:\/\/revistaesperanzas.com\/web\/wp-json\/wp\/v2\/comments?post=139879"}],"version-history":[{"count":1,"href":"https:\/\/revistaesperanzas.com\/web\/wp-json\/wp\/v2\/posts\/139879\/revisions"}],"predecessor-version":[{"id":139881,"href":"https:\/\/revistaesperanzas.com\/web\/wp-json\/wp\/v2\/posts\/139879\/revisions\/139881"}],"wp:featuredmedia":[{"embeddable":true,"href":"https:\/\/revistaesperanzas.com\/web\/wp-json\/wp\/v2\/media\/139880"}],"wp:attachment":[{"href":"https:\/\/revistaesperanzas.com\/web\/wp-json\/wp\/v2\/media?parent=139879"}],"wp:term":[{"taxonomy":"category","embeddable":true,"href":"https:\/\/revistaesperanzas.com\/web\/wp-json\/wp\/v2\/categories?post=139879"},{"taxonomy":"post_tag","embeddable":true,"href":"https:\/\/revistaesperanzas.com\/web\/wp-json\/wp\/v2\/tags?post=139879"}],"curies":[{"name":"wp","href":"https:\/\/api.w.org\/{rel}","templated":true}]}}