{"id":139884,"date":"2025-12-05T19:31:05","date_gmt":"2025-12-05T22:31:05","guid":{"rendered":"https:\/\/revistaesperanzas.com\/web\/?p=139884"},"modified":"2025-12-05T19:31:05","modified_gmt":"2025-12-05T22:31:05","slug":"sorteo-del-mundial-a-la-argentina-le-corresponde-el-grupo-j-con-argelia-austria-y-jordania","status":"publish","type":"post","link":"https:\/\/revistaesperanzas.com\/web\/2025\/12\/sorteo-del-mundial-a-la-argentina-le-corresponde-el-grupo-j-con-argelia-austria-y-jordania\/","title":{"rendered":"SORTEO DEL MUNDIAL: A LA ARGENTINA LE CORRESPONDE EL GRUPO &#8220;J&#8221; CON ARGELIA, AUSTRIA Y JORDANIA"},"content":{"rendered":"<p>Agradezco muchisimo la generosidad de la Polic\u00eda de Corrientes que muy gentilmente ha compartido con nosotros la presente informaci\u00f3n del resultado del sorteo en el d\u00eda de hoy\u00a0 la ubicaci\u00f3n y grupo que qued\u00f3 la Argentina.<\/p>\n<p><a href=\"https:\/\/revistaesperanzas.com\/web\/2025\/12\/sorteo-del-mundial-a-la-argentina-le-corresponde-el-grupo-j-con-argelia-austria-y-jordania\/whatsapp-image-2025-12-05-at-16-10-15-2\/\" rel=\"attachment wp-att-139887\"><img loading=\"lazy\" decoding=\"async\" class=\"alignnone wp-image-139887\" src=\"https:\/\/revistaesperanzas.com\/web\/wp-content\/uploads\/2025\/12\/WhatsApp-Image-2025-12-05-at-16.10.15-1.jpeg\" alt=\"\" width=\"755\" height=\"586\" srcset=\"https:\/\/revistaesperanzas.com\/web\/wp-content\/uploads\/2025\/12\/WhatsApp-Image-2025-12-05-at-16.10.15-1.jpeg 600w, https:\/\/revistaesperanzas.com\/web\/wp-content\/uploads\/2025\/12\/WhatsApp-Image-2025-12-05-at-16.10.15-1-541x420.jpeg 541w\" sizes=\"auto, (max-width: 755px) 100vw, 755px\" \/><\/a><\/p>\n<p>&nbsp;<\/p>\n","protected":false},"excerpt":{"rendered":"<p>Agradezco muchisimo la generosidad de la Polic\u00eda de Corrientes que muy gentilmente ha compartido con nosotros la presente informaci\u00f3n del resultado del sorteo en el d\u00eda de hoy\u00a0 la ubicaci\u00f3n y grupo que qued\u00f3 la Argentina. &nbsp;<\/p>\n","protected":false},"author":4,"featured_media":139889,"comment_status":"closed","ping_status":"closed","sticky":false,"template":"","format":"standard","meta":{"footnotes":""},"categories":[58],"tags":[],"class_list":{"0":"post-139884","1":"post","2":"type-post","3":"status-publish","4":"format-standard","5":"has-post-thumbnail","7":"category-corrientes"},"_links":{"self":[{"href":"https:\/\/revistaesperanzas.com\/web\/wp-json\/wp\/v2\/posts\/139884","targetHints":{"allow":["GET"]}}],"collection":[{"href":"https:\/\/revistaesperanzas.com\/web\/wp-json\/wp\/v2\/posts"}],"about":[{"href":"https:\/\/revistaesperanzas.com\/web\/wp-json\/wp\/v2\/types\/post"}],"author":[{"embeddable":true,"href":"https:\/\/revistaesperanzas.com\/web\/wp-json\/wp\/v2\/users\/4"}],"replies":[{"embeddable":true,"href":"https:\/\/revistaesperanzas.com\/web\/wp-json\/wp\/v2\/comments?post=139884"}],"version-history":[{"count":3,"href":"https:\/\/revistaesperanzas.com\/web\/wp-json\/wp\/v2\/posts\/139884\/revisions"}],"predecessor-version":[{"id":139891,"href":"https:\/\/revistaesperanzas.com\/web\/wp-json\/wp\/v2\/posts\/139884\/revisions\/139891"}],"wp:featuredmedia":[{"embeddable":true,"href":"https:\/\/revistaesperanzas.com\/web\/wp-json\/wp\/v2\/media\/139889"}],"wp:attachment":[{"href":"https:\/\/revistaesperanzas.com\/web\/wp-json\/wp\/v2\/media?parent=139884"}],"wp:term":[{"taxonomy":"category","embeddable":true,"href":"https:\/\/revistaesperanzas.com\/web\/wp-json\/wp\/v2\/categories?post=139884"},{"taxonomy":"post_tag","embeddable":true,"href":"https:\/\/revistaesperanzas.com\/web\/wp-json\/wp\/v2\/tags?post=139884"}],"curies":[{"name":"wp","href":"https:\/\/api.w.org\/{rel}","templated":true}]}}