{"id":139901,"date":"2025-12-05T19:47:24","date_gmt":"2025-12-05T22:47:24","guid":{"rendered":"https:\/\/revistaesperanzas.com\/web\/?p=139901"},"modified":"2025-12-05T19:48:06","modified_gmt":"2025-12-05T22:48:06","slug":"comisaria-primera-de-la-mujer-y-el-menor","status":"publish","type":"post","link":"https:\/\/revistaesperanzas.com\/web\/2025\/12\/comisaria-primera-de-la-mujer-y-el-menor\/","title":{"rendered":"COMISARIA PRIMERA DE LA MUJER Y EL MENOR"},"content":{"rendered":"<p>SE DEJA SIN EFECTO EL PEDIDO DE B\u00daSQUEDA DE PARADERO Y LOCALIZACI\u00d3N DEL <a href=\"https:\/\/revistaesperanzas.com\/web\/2025\/12\/comisaria-primera-de-la-mujer-y-el-menor\/whatsapp-image-2025-12-05-at-19-43-05\/\" rel=\"attachment wp-att-139904\"><img loading=\"lazy\" decoding=\"async\" class=\" wp-image-139904 alignleft\" src=\"https:\/\/revistaesperanzas.com\/web\/wp-content\/uploads\/2025\/12\/WhatsApp-Image-2025-12-05-at-19.43.05.jpeg\" alt=\"\" width=\"368\" height=\"518\" srcset=\"https:\/\/revistaesperanzas.com\/web\/wp-content\/uploads\/2025\/12\/WhatsApp-Image-2025-12-05-at-19.43.05.jpeg 600w, https:\/\/revistaesperanzas.com\/web\/wp-content\/uploads\/2025\/12\/WhatsApp-Image-2025-12-05-at-19.43.05-298x420.jpeg 298w\" sizes=\"auto, (max-width: 368px) 100vw, 368px\" \/><\/a>MENOR PUCHETA JUAN ABEL DE 12 A\u00d1OS DE EDAD. EL MISMO FUE LOCALIZADO SANO Y SALVO.<\/p>\n<p>Por medio de esta gacetilla policial se agradece la colaboraci\u00f3n de los distintos medios de comunicaci\u00f3n y de la poblaci\u00f3n en general y adem\u00e1s se solicita DEJAR SIN EFECTO LA SOLICITUD DE PARADERO Y DE LOCALIZACION DEL MENOR PUCHETA JUAN ABEL DE 12 A\u00d1OS DE EDAD, solicitado oportunamente por la Comisar\u00eda Primera de la Mujer y el Menor, donde radicara la denuncia al respecto una persona -de apellido Sanchez-.<\/p>\n<p>Cabe se\u00f1alar que el mismo fue localizado sano y salvo, y de cuya situaci\u00f3n ya tom\u00f3 conocimiento la denunciante. (Solicitud enviada oportunamente, desde este Departamento de Relaciones Institucionales mediante Anticipo de Gacetilla Policial del 03-11-25).<\/p>\n<p>Al respecto, en la citada Comisar\u00eda, se prosiguen con las diligencias del caso, con conocimiento de las autoridades judiciales intervinientes.<\/p>\n","protected":false},"excerpt":{"rendered":"<p>SE DEJA SIN EFECTO EL PEDIDO DE B\u00daSQUEDA DE PARADERO Y LOCALIZACI\u00d3N DEL MENOR PUCHETA JUAN ABEL DE 12 A\u00d1OS DE EDAD. EL MISMO FUE LOCALIZADO SANO Y SALVO. Por medio de esta gacetilla policial se agradece la colaboraci\u00f3n de los distintos medios de comunicaci\u00f3n y de la poblaci\u00f3n en general y adem\u00e1s se solicita [&hellip;]<\/p>\n","protected":false},"author":4,"featured_media":139902,"comment_status":"closed","ping_status":"closed","sticky":false,"template":"","format":"standard","meta":{"footnotes":""},"categories":[58],"tags":[],"class_list":{"0":"post-139901","1":"post","2":"type-post","3":"status-publish","4":"format-standard","5":"has-post-thumbnail","7":"category-corrientes"},"_links":{"self":[{"href":"https:\/\/revistaesperanzas.com\/web\/wp-json\/wp\/v2\/posts\/139901","targetHints":{"allow":["GET"]}}],"collection":[{"href":"https:\/\/revistaesperanzas.com\/web\/wp-json\/wp\/v2\/posts"}],"about":[{"href":"https:\/\/revistaesperanzas.com\/web\/wp-json\/wp\/v2\/types\/post"}],"author":[{"embeddable":true,"href":"https:\/\/revistaesperanzas.com\/web\/wp-json\/wp\/v2\/users\/4"}],"replies":[{"embeddable":true,"href":"https:\/\/revistaesperanzas.com\/web\/wp-json\/wp\/v2\/comments?post=139901"}],"version-history":[{"count":2,"href":"https:\/\/revistaesperanzas.com\/web\/wp-json\/wp\/v2\/posts\/139901\/revisions"}],"predecessor-version":[{"id":139905,"href":"https:\/\/revistaesperanzas.com\/web\/wp-json\/wp\/v2\/posts\/139901\/revisions\/139905"}],"wp:featuredmedia":[{"embeddable":true,"href":"https:\/\/revistaesperanzas.com\/web\/wp-json\/wp\/v2\/media\/139902"}],"wp:attachment":[{"href":"https:\/\/revistaesperanzas.com\/web\/wp-json\/wp\/v2\/media?parent=139901"}],"wp:term":[{"taxonomy":"category","embeddable":true,"href":"https:\/\/revistaesperanzas.com\/web\/wp-json\/wp\/v2\/categories?post=139901"},{"taxonomy":"post_tag","embeddable":true,"href":"https:\/\/revistaesperanzas.com\/web\/wp-json\/wp\/v2\/tags?post=139901"}],"curies":[{"name":"wp","href":"https:\/\/api.w.org\/{rel}","templated":true}]}}