{"id":139921,"date":"2025-12-06T10:49:06","date_gmt":"2025-12-06T13:49:06","guid":{"rendered":"https:\/\/revistaesperanzas.com\/web\/?p=139921"},"modified":"2025-12-06T10:49:06","modified_gmt":"2025-12-06T13:49:06","slug":"el-intendente-mariano-hormaechea-acompano-la-sesion-preparatoria-del-concejo-deliberante","status":"publish","type":"post","link":"https:\/\/revistaesperanzas.com\/web\/2025\/12\/el-intendente-mariano-hormaechea-acompano-la-sesion-preparatoria-del-concejo-deliberante\/","title":{"rendered":"EL INTENDENTE MARIANO HORMAECHEA ACOMPA\u00d1\u00d3 LA SESI\u00d3N PREPARATORIA DEL CONCEJO DELIBERANTE"},"content":{"rendered":"<p class=\"x_MsoNormal\">En la mencionada sesi\u00f3n, asumieron sus funciones los concejales electos en la pasada elecci\u00f3n del 31 de agosto.<a href=\"https:\/\/revistaesperanzas.com\/web\/2025\/12\/el-intendente-mariano-hormaechea-acompano-la-sesion-preparatoria-del-concejo-deliberante\/sesion-preparatoria-hcd-acompano-el-intendente-1\/\" rel=\"attachment wp-att-139923\"><img loading=\"lazy\" decoding=\"async\" class=\" wp-image-139923 alignright\" src=\"https:\/\/revistaesperanzas.com\/web\/wp-content\/uploads\/2025\/12\/sesion-preparatoria-HCD-acompano-el-Intendente-1.jpg\" alt=\"\" width=\"501\" height=\"333\" \/><\/a><\/p>\n<p class=\"x_MsoNormal\">En el recinto de sesiones qued\u00f3 conformada las autoridades del cuerpo deliberativo local.<\/p>\n<p class=\"x_MsoNormal\">El Intendente Mariano Hormaechea acompa\u00f1o la mencionada ceremonia del HCD,<a href=\"https:\/\/revistaesperanzas.com\/web\/2025\/12\/el-intendente-mariano-hormaechea-acompano-la-sesion-preparatoria-del-concejo-deliberante\/sesion-preparatoria-hcd-acompano-el-intendente-8\/\" rel=\"attachment wp-att-139924\"><img loading=\"lazy\" decoding=\"async\" class=\" wp-image-139924 alignleft\" src=\"https:\/\/revistaesperanzas.com\/web\/wp-content\/uploads\/2025\/12\/sesion-preparatoria-HCD-acompano-el-Intendente-8.jpg\" alt=\"\" width=\"500\" height=\"348\" srcset=\"https:\/\/revistaesperanzas.com\/web\/wp-content\/uploads\/2025\/12\/sesion-preparatoria-HCD-acompano-el-Intendente-8.jpg 600w, https:\/\/revistaesperanzas.com\/web\/wp-content\/uploads\/2025\/12\/sesion-preparatoria-HCD-acompano-el-Intendente-8-100x70.jpg 100w\" sizes=\"auto, (max-width: 500px) 100vw, 500px\" \/><\/a> de la misma participaron funcionarios municipales, miembros de las fuerzas de seguridad, prefectura, familiares de los ediles electos que asumieron\u00a0 sus funciones y p\u00fablico en general<\/p>\n","protected":false},"excerpt":{"rendered":"<p>En la mencionada sesi\u00f3n, asumieron sus funciones los concejales electos en la pasada elecci\u00f3n del 31 de agosto. En el recinto de sesiones qued\u00f3 conformada las autoridades del cuerpo deliberativo local. El Intendente Mariano Hormaechea acompa\u00f1o la mencionada ceremonia del HCD, de la misma participaron funcionarios municipales, miembros de las fuerzas de seguridad, prefectura, familiares [&hellip;]<\/p>\n","protected":false},"author":4,"featured_media":139922,"comment_status":"closed","ping_status":"closed","sticky":false,"template":"","format":"standard","meta":{"footnotes":""},"categories":[45],"tags":[],"class_list":{"0":"post-139921","1":"post","2":"type-post","3":"status-publish","4":"format-standard","5":"has-post-thumbnail","7":"category-locales"},"_links":{"self":[{"href":"https:\/\/revistaesperanzas.com\/web\/wp-json\/wp\/v2\/posts\/139921","targetHints":{"allow":["GET"]}}],"collection":[{"href":"https:\/\/revistaesperanzas.com\/web\/wp-json\/wp\/v2\/posts"}],"about":[{"href":"https:\/\/revistaesperanzas.com\/web\/wp-json\/wp\/v2\/types\/post"}],"author":[{"embeddable":true,"href":"https:\/\/revistaesperanzas.com\/web\/wp-json\/wp\/v2\/users\/4"}],"replies":[{"embeddable":true,"href":"https:\/\/revistaesperanzas.com\/web\/wp-json\/wp\/v2\/comments?post=139921"}],"version-history":[{"count":2,"href":"https:\/\/revistaesperanzas.com\/web\/wp-json\/wp\/v2\/posts\/139921\/revisions"}],"predecessor-version":[{"id":139926,"href":"https:\/\/revistaesperanzas.com\/web\/wp-json\/wp\/v2\/posts\/139921\/revisions\/139926"}],"wp:featuredmedia":[{"embeddable":true,"href":"https:\/\/revistaesperanzas.com\/web\/wp-json\/wp\/v2\/media\/139922"}],"wp:attachment":[{"href":"https:\/\/revistaesperanzas.com\/web\/wp-json\/wp\/v2\/media?parent=139921"}],"wp:term":[{"taxonomy":"category","embeddable":true,"href":"https:\/\/revistaesperanzas.com\/web\/wp-json\/wp\/v2\/categories?post=139921"},{"taxonomy":"post_tag","embeddable":true,"href":"https:\/\/revistaesperanzas.com\/web\/wp-json\/wp\/v2\/tags?post=139921"}],"curies":[{"name":"wp","href":"https:\/\/api.w.org\/{rel}","templated":true}]}}