{"id":141578,"date":"2025-12-31T09:51:55","date_gmt":"2025-12-31T12:51:55","guid":{"rendered":"https:\/\/revistaesperanzas.com\/web\/?p=141578"},"modified":"2025-12-31T09:51:55","modified_gmt":"2025-12-31T12:51:55","slug":"policia-recupera-caja-registradora-robada-y-aprehende-al-autor-del-hecho","status":"publish","type":"post","link":"https:\/\/revistaesperanzas.com\/web\/2025\/12\/policia-recupera-caja-registradora-robada-y-aprehende-al-autor-del-hecho\/","title":{"rendered":"POLIC\u00cdA RECUPERA CAJA REGISTRADORA ROBADA Y APREHENDE AL AUTOR DEL HECHO"},"content":{"rendered":"<p>CURUZ\u00da CUATI\u00c1\u00a0 &#8211;\u00a0 En la tarde de hoy 30-12-25, efectivos policiales de la Comisaria de Distrito Primera de Curuz\u00fa Cuati\u00e1, en colaboraci\u00f3n a la Unidad Fiscal interviniente, en el marco de un legajo judicial que se investiga por \u2013 supuesto hurto calificado -, luego de realizar una eficaz labor investigativa, recuperar lo sustra\u00eddo y aprehendieron a una persona.<\/p>\n<p>Las diversas tareas de investigaci\u00f3n e inspecci\u00f3n de las c\u00e1maras de seguridad, posibilit\u00f3 realizar el procedimiento, luego de los efectivos tomaron conocimiento de un il\u00edcito perpetrado en un local comercial, por lo que, posteriormente y tras los trabajos realizados concretaron la aprehensi\u00f3n de un hombre de 32 a\u00f1os de edad y el secuestro, bajo las formalidades legales, de una caja registradora, la cual result\u00f3 ser la denunciada como sustra\u00edda.<\/p>\n<p>El aprehendido junto a lo recuperado fueron puestos a disposici\u00f3n de las autoridades judiciales correspondientes y trasladados a la citada dependencia, donde se continuaron con los tramites de rigor.<\/p>\n","protected":false},"excerpt":{"rendered":"<p>CURUZ\u00da CUATI\u00c1\u00a0 &#8211;\u00a0 En la tarde de hoy 30-12-25, efectivos policiales de la Comisaria de Distrito Primera de Curuz\u00fa Cuati\u00e1, en colaboraci\u00f3n a la Unidad Fiscal interviniente, en el marco de un legajo judicial que se investiga por \u2013 supuesto hurto calificado -, luego de realizar una eficaz labor investigativa, recuperar lo sustra\u00eddo y aprehendieron [&hellip;]<\/p>\n","protected":false},"author":4,"featured_media":141579,"comment_status":"closed","ping_status":"closed","sticky":false,"template":"","format":"standard","meta":{"footnotes":""},"categories":[45],"tags":[],"class_list":{"0":"post-141578","1":"post","2":"type-post","3":"status-publish","4":"format-standard","5":"has-post-thumbnail","7":"category-locales"},"_links":{"self":[{"href":"https:\/\/revistaesperanzas.com\/web\/wp-json\/wp\/v2\/posts\/141578","targetHints":{"allow":["GET"]}}],"collection":[{"href":"https:\/\/revistaesperanzas.com\/web\/wp-json\/wp\/v2\/posts"}],"about":[{"href":"https:\/\/revistaesperanzas.com\/web\/wp-json\/wp\/v2\/types\/post"}],"author":[{"embeddable":true,"href":"https:\/\/revistaesperanzas.com\/web\/wp-json\/wp\/v2\/users\/4"}],"replies":[{"embeddable":true,"href":"https:\/\/revistaesperanzas.com\/web\/wp-json\/wp\/v2\/comments?post=141578"}],"version-history":[{"count":1,"href":"https:\/\/revistaesperanzas.com\/web\/wp-json\/wp\/v2\/posts\/141578\/revisions"}],"predecessor-version":[{"id":141580,"href":"https:\/\/revistaesperanzas.com\/web\/wp-json\/wp\/v2\/posts\/141578\/revisions\/141580"}],"wp:featuredmedia":[{"embeddable":true,"href":"https:\/\/revistaesperanzas.com\/web\/wp-json\/wp\/v2\/media\/141579"}],"wp:attachment":[{"href":"https:\/\/revistaesperanzas.com\/web\/wp-json\/wp\/v2\/media?parent=141578"}],"wp:term":[{"taxonomy":"category","embeddable":true,"href":"https:\/\/revistaesperanzas.com\/web\/wp-json\/wp\/v2\/categories?post=141578"},{"taxonomy":"post_tag","embeddable":true,"href":"https:\/\/revistaesperanzas.com\/web\/wp-json\/wp\/v2\/tags?post=141578"}],"curies":[{"name":"wp","href":"https:\/\/api.w.org\/{rel}","templated":true}]}}