{"id":141581,"date":"2025-12-31T09:56:28","date_gmt":"2025-12-31T12:56:28","guid":{"rendered":"https:\/\/revistaesperanzas.com\/web\/?p=141581"},"modified":"2025-12-31T09:58:30","modified_gmt":"2025-12-31T12:58:30","slug":"demoran-a-una-persona-y-recuperan-una-moto-robada-en-bs-as","status":"publish","type":"post","link":"https:\/\/revistaesperanzas.com\/web\/2025\/12\/demoran-a-una-persona-y-recuperan-una-moto-robada-en-bs-as\/","title":{"rendered":"DEMORAN A UNA PERSONA Y RECUPERAN UNA MOTO ROBADA EN BS. AS."},"content":{"rendered":"<p>MERCEDES\u00a0 &#8211;\u00a0 En la ma\u00f1ana de hoy 30-12-25, efectivos policiales de la Divisi\u00f3n de Investigaci\u00f3n Criminal junto a sus pares de la Comisaria de Distrito Primera de Mercedes, realizando recorridas en prevenci\u00f3n de il\u00edcitos en inmediaciones de la Avenida Madariaga de la citada localidad, secuestraron una motocicleta de dudosa procedencia y demoraron a una persona.<a href=\"https:\/\/revistaesperanzas.com\/web\/2025\/12\/demoran-a-una-persona-y-recuperan-una-moto-robada-en-bs-as\/whatsapp-image-2025-12-30-at-22-16-52\/\" rel=\"attachment wp-att-141586\"><img loading=\"lazy\" decoding=\"async\" class=\" wp-image-141586 alignleft\" src=\"https:\/\/revistaesperanzas.com\/web\/wp-content\/uploads\/2025\/12\/WhatsApp-Image-2025-12-30-at-22.16.52.jpeg\" alt=\"\" width=\"549\" height=\"384\" srcset=\"https:\/\/revistaesperanzas.com\/web\/wp-content\/uploads\/2025\/12\/WhatsApp-Image-2025-12-30-at-22.16.52.jpeg 600w, https:\/\/revistaesperanzas.com\/web\/wp-content\/uploads\/2025\/12\/WhatsApp-Image-2025-12-30-at-22.16.52-100x70.jpeg 100w\" sizes=\"auto, (max-width: 549px) 100vw, 549px\" \/><\/a><\/p>\n<p>El procedimiento se concret\u00f3 cerca de las 11:00horas, cuando los mencionados efectivos divisaron a una persona a bordo de una motocicleta -marca Honda modelo XR 250c.c- sin pl\u00e1sticos y sin dominio colocado, por lo que procedieron a la identificaci\u00f3n y posterior demora de un joven de 23 a\u00f1os de edad, quien no supo justificar la procedencia del rodado, adem\u00e1s, posteriormente y tras las correspondientes averiguaciones, el mismo resulto poseer pedido de secuestro por parte de las autoridades de la Ciudad de Buenos Aires, por hallarse denunciada como sustra\u00edda.<\/p>\n<p>Al respecto, el joven junto a la motocicleta fue puesto a disposici\u00f3n de la Justicia y trasladados hasta la citada dependencia policial donde se contin\u00faan con las diligencias de rigor.<\/p>\n","protected":false},"excerpt":{"rendered":"<p>MERCEDES\u00a0 &#8211;\u00a0 En la ma\u00f1ana de hoy 30-12-25, efectivos policiales de la Divisi\u00f3n de Investigaci\u00f3n Criminal junto a sus pares de la Comisaria de Distrito Primera de Mercedes, realizando recorridas en prevenci\u00f3n de il\u00edcitos en inmediaciones de la Avenida Madariaga de la citada localidad, secuestraron una motocicleta de dudosa procedencia y demoraron a una persona. [&hellip;]<\/p>\n","protected":false},"author":4,"featured_media":141583,"comment_status":"closed","ping_status":"closed","sticky":false,"template":"","format":"standard","meta":{"footnotes":""},"categories":[58],"tags":[],"class_list":{"0":"post-141581","1":"post","2":"type-post","3":"status-publish","4":"format-standard","5":"has-post-thumbnail","7":"category-corrientes"},"_links":{"self":[{"href":"https:\/\/revistaesperanzas.com\/web\/wp-json\/wp\/v2\/posts\/141581","targetHints":{"allow":["GET"]}}],"collection":[{"href":"https:\/\/revistaesperanzas.com\/web\/wp-json\/wp\/v2\/posts"}],"about":[{"href":"https:\/\/revistaesperanzas.com\/web\/wp-json\/wp\/v2\/types\/post"}],"author":[{"embeddable":true,"href":"https:\/\/revistaesperanzas.com\/web\/wp-json\/wp\/v2\/users\/4"}],"replies":[{"embeddable":true,"href":"https:\/\/revistaesperanzas.com\/web\/wp-json\/wp\/v2\/comments?post=141581"}],"version-history":[{"count":2,"href":"https:\/\/revistaesperanzas.com\/web\/wp-json\/wp\/v2\/posts\/141581\/revisions"}],"predecessor-version":[{"id":141587,"href":"https:\/\/revistaesperanzas.com\/web\/wp-json\/wp\/v2\/posts\/141581\/revisions\/141587"}],"wp:featuredmedia":[{"embeddable":true,"href":"https:\/\/revistaesperanzas.com\/web\/wp-json\/wp\/v2\/media\/141583"}],"wp:attachment":[{"href":"https:\/\/revistaesperanzas.com\/web\/wp-json\/wp\/v2\/media?parent=141581"}],"wp:term":[{"taxonomy":"category","embeddable":true,"href":"https:\/\/revistaesperanzas.com\/web\/wp-json\/wp\/v2\/categories?post=141581"},{"taxonomy":"post_tag","embeddable":true,"href":"https:\/\/revistaesperanzas.com\/web\/wp-json\/wp\/v2\/tags?post=141581"}],"curies":[{"name":"wp","href":"https:\/\/api.w.org\/{rel}","templated":true}]}}