{"id":141588,"date":"2025-12-31T10:12:38","date_gmt":"2025-12-31T13:12:38","guid":{"rendered":"https:\/\/revistaesperanzas.com\/web\/?p=141588"},"modified":"2025-12-31T10:12:38","modified_gmt":"2025-12-31T13:12:38","slug":"un-adolecente-pierde-la-vida-en-un-accidente-de-moto","status":"publish","type":"post","link":"https:\/\/revistaesperanzas.com\/web\/2025\/12\/un-adolecente-pierde-la-vida-en-un-accidente-de-moto\/","title":{"rendered":"UN ADOLECENTE PIERDE LA VIDA EN UN ACCIDENTE DE MOTO"},"content":{"rendered":"<p>COLONIA LIBERTAD\u00a0 &#8211;\u00a0 Siniestro vial con consecuencia fatal<\/p>\n<p>En horas de la ma\u00f1ana de hoy 30-12-25, efectivos policiales de la Comisar\u00eda de distrito Colonia Libertad, tomaron conocimiento que por Ruta Nacional 14 km 435 aproximadamente, por causas que se tratan de determinar se habr\u00eda producido un siniestro vial con consecuencia fatal.<\/p>\n<p>Conforme a las primeras averiguaciones, el siniestro se habr\u00eda registrado alrededor de las 06.00horas, y tuvo como protagonista a una motocicleta \u2013marca Yamaha FZ-, en el que circulaban un hombre de 50 a\u00f1os de edad y un menor de 14 a\u00f1os, quienes por causas que se tratan de establecer tras perder el control del rodado habr\u00edan colisionado contra el guardarrail.<\/p>\n<p>A consecuencia de ello, el menor habr\u00eda fallecido en el lugar, en tanto, el hombre fue auxiliado y trasladado al Hospital de Monte Caseros donde tras ser examinado se determin\u00f3 que presentaba lesiones de car\u00e1cter graves.<\/p>\n<p>En el lugar se realizaron las diligencias del caso, con intervenci\u00f3n de la unidad fiscal en turno, en tanto en la citada dependencia policial, se prosigue con los tr\u00e1mites que corresponden.<\/p>\n","protected":false},"excerpt":{"rendered":"<p>COLONIA LIBERTAD\u00a0 &#8211;\u00a0 Siniestro vial con consecuencia fatal En horas de la ma\u00f1ana de hoy 30-12-25, efectivos policiales de la Comisar\u00eda de distrito Colonia Libertad, tomaron conocimiento que por Ruta Nacional 14 km 435 aproximadamente, por causas que se tratan de determinar se habr\u00eda producido un siniestro vial con consecuencia fatal. Conforme a las primeras [&hellip;]<\/p>\n","protected":false},"author":4,"featured_media":141589,"comment_status":"closed","ping_status":"closed","sticky":false,"template":"","format":"standard","meta":{"footnotes":""},"categories":[58],"tags":[],"class_list":{"0":"post-141588","1":"post","2":"type-post","3":"status-publish","4":"format-standard","5":"has-post-thumbnail","7":"category-corrientes"},"_links":{"self":[{"href":"https:\/\/revistaesperanzas.com\/web\/wp-json\/wp\/v2\/posts\/141588","targetHints":{"allow":["GET"]}}],"collection":[{"href":"https:\/\/revistaesperanzas.com\/web\/wp-json\/wp\/v2\/posts"}],"about":[{"href":"https:\/\/revistaesperanzas.com\/web\/wp-json\/wp\/v2\/types\/post"}],"author":[{"embeddable":true,"href":"https:\/\/revistaesperanzas.com\/web\/wp-json\/wp\/v2\/users\/4"}],"replies":[{"embeddable":true,"href":"https:\/\/revistaesperanzas.com\/web\/wp-json\/wp\/v2\/comments?post=141588"}],"version-history":[{"count":1,"href":"https:\/\/revistaesperanzas.com\/web\/wp-json\/wp\/v2\/posts\/141588\/revisions"}],"predecessor-version":[{"id":141590,"href":"https:\/\/revistaesperanzas.com\/web\/wp-json\/wp\/v2\/posts\/141588\/revisions\/141590"}],"wp:featuredmedia":[{"embeddable":true,"href":"https:\/\/revistaesperanzas.com\/web\/wp-json\/wp\/v2\/media\/141589"}],"wp:attachment":[{"href":"https:\/\/revistaesperanzas.com\/web\/wp-json\/wp\/v2\/media?parent=141588"}],"wp:term":[{"taxonomy":"category","embeddable":true,"href":"https:\/\/revistaesperanzas.com\/web\/wp-json\/wp\/v2\/categories?post=141588"},{"taxonomy":"post_tag","embeddable":true,"href":"https:\/\/revistaesperanzas.com\/web\/wp-json\/wp\/v2\/tags?post=141588"}],"curies":[{"name":"wp","href":"https:\/\/api.w.org\/{rel}","templated":true}]}}