{"id":141591,"date":"2025-12-31T10:18:36","date_gmt":"2025-12-31T13:18:36","guid":{"rendered":"https:\/\/revistaesperanzas.com\/web\/?p=141591"},"modified":"2025-12-31T10:18:36","modified_gmt":"2025-12-31T13:18:36","slug":"se-extiende-hasta-el-viernes-16-de-enero-del-2026-la-inscripcion-para-la-escuela-de-oficiales-de-la-policia-de-corrientes","status":"publish","type":"post","link":"https:\/\/revistaesperanzas.com\/web\/2025\/12\/se-extiende-hasta-el-viernes-16-de-enero-del-2026-la-inscripcion-para-la-escuela-de-oficiales-de-la-policia-de-corrientes\/","title":{"rendered":"SE EXTIENDE HASTA EL VIERNES 16 DE ENERO DEL 2026 LA INSCRIPCION PARA LA ESCUELA DE OFICIALES DE LA POLIC\u00cdA DE CORRIENTES"},"content":{"rendered":"<p>AREA INSTITUCIONAL<\/p>\n<p>Desde el 11 de Diciembre del 2025, se encuentra abierta la Inscripci\u00f3n para los postulantes de ambos sexos, como aspirantes a cadetes de la \u201c XVI\u00b0 Promoci\u00f3n de Oficiales de Polic\u00eda &#8211;<a href=\"https:\/\/revistaesperanzas.com\/web\/2025\/12\/se-extiende-hasta-el-viernes-16-de-enero-del-2026-la-inscripcion-para-la-escuela-de-oficiales-de-la-policia-de-corrientes\/whatsapp-image-2025-12-30-at-11-19-39-2\/\" rel=\"attachment wp-att-141594\"><img loading=\"lazy\" decoding=\"async\" class=\" wp-image-141594 alignleft\" src=\"https:\/\/revistaesperanzas.com\/web\/wp-content\/uploads\/2025\/12\/WhatsApp-Image-2025-12-30-at-11.19.39-1.jpg\" alt=\"\" width=\"499\" height=\"347\" srcset=\"https:\/\/revistaesperanzas.com\/web\/wp-content\/uploads\/2025\/12\/WhatsApp-Image-2025-12-30-at-11.19.39-1.jpg 600w, https:\/\/revistaesperanzas.com\/web\/wp-content\/uploads\/2025\/12\/WhatsApp-Image-2025-12-30-at-11.19.39-1-100x70.jpg 100w\" sizes=\"auto, (max-width: 499px) 100vw, 499px\" \/><\/a>T\u00e9cnico Superior en Seguridad P\u00fablica y Ciudadana\u201d, de una duraci\u00f3n de 4 a\u00f1os, en la Divisi\u00f3n Escuela de Polic\u00eda \u201cGral. Jos\u00e9 Francisco de San Mart\u00edn\u201d, dependiente del Instituto Superior de Formaci\u00f3n Policial y SE EXTIENDE HASTA EL VIERNES 16 DE ENERO DEL 2026.<\/p>\n<p>En esta oportunidad, las documentaciones requeridas (Cartilla de Inscripci\u00f3n y declaraci\u00f3n jurada), se podr\u00e1 obtener escaneando el QR que se encuentra en el documento PDF y Flayer adjunto y por medio del cual, se acceder\u00e1 a la descarga de los archivos correspondientes.<\/p>\n<p>Ante cualquier consulta, podr\u00e1n comunicarse al tel\u00e9fono 379-4501497 (solo Llamadas)<\/p>\n","protected":false},"excerpt":{"rendered":"<p>AREA INSTITUCIONAL Desde el 11 de Diciembre del 2025, se encuentra abierta la Inscripci\u00f3n para los postulantes de ambos sexos, como aspirantes a cadetes de la \u201c XVI\u00b0 Promoci\u00f3n de Oficiales de Polic\u00eda &#8211;T\u00e9cnico Superior en Seguridad P\u00fablica y Ciudadana\u201d, de una duraci\u00f3n de 4 a\u00f1os, en la Divisi\u00f3n Escuela de Polic\u00eda \u201cGral. Jos\u00e9 Francisco [&hellip;]<\/p>\n","protected":false},"author":4,"featured_media":141593,"comment_status":"closed","ping_status":"closed","sticky":false,"template":"","format":"standard","meta":{"footnotes":""},"categories":[58],"tags":[],"class_list":{"0":"post-141591","1":"post","2":"type-post","3":"status-publish","4":"format-standard","5":"has-post-thumbnail","7":"category-corrientes"},"_links":{"self":[{"href":"https:\/\/revistaesperanzas.com\/web\/wp-json\/wp\/v2\/posts\/141591","targetHints":{"allow":["GET"]}}],"collection":[{"href":"https:\/\/revistaesperanzas.com\/web\/wp-json\/wp\/v2\/posts"}],"about":[{"href":"https:\/\/revistaesperanzas.com\/web\/wp-json\/wp\/v2\/types\/post"}],"author":[{"embeddable":true,"href":"https:\/\/revistaesperanzas.com\/web\/wp-json\/wp\/v2\/users\/4"}],"replies":[{"embeddable":true,"href":"https:\/\/revistaesperanzas.com\/web\/wp-json\/wp\/v2\/comments?post=141591"}],"version-history":[{"count":2,"href":"https:\/\/revistaesperanzas.com\/web\/wp-json\/wp\/v2\/posts\/141591\/revisions"}],"predecessor-version":[{"id":141596,"href":"https:\/\/revistaesperanzas.com\/web\/wp-json\/wp\/v2\/posts\/141591\/revisions\/141596"}],"wp:featuredmedia":[{"embeddable":true,"href":"https:\/\/revistaesperanzas.com\/web\/wp-json\/wp\/v2\/media\/141593"}],"wp:attachment":[{"href":"https:\/\/revistaesperanzas.com\/web\/wp-json\/wp\/v2\/media?parent=141591"}],"wp:term":[{"taxonomy":"category","embeddable":true,"href":"https:\/\/revistaesperanzas.com\/web\/wp-json\/wp\/v2\/categories?post=141591"},{"taxonomy":"post_tag","embeddable":true,"href":"https:\/\/revistaesperanzas.com\/web\/wp-json\/wp\/v2\/tags?post=141591"}],"curies":[{"name":"wp","href":"https:\/\/api.w.org\/{rel}","templated":true}]}}