{"id":141597,"date":"2025-12-31T10:22:23","date_gmt":"2025-12-31T13:22:23","guid":{"rendered":"https:\/\/revistaesperanzas.com\/web\/?p=141597"},"modified":"2025-12-31T10:22:23","modified_gmt":"2025-12-31T13:22:23","slug":"policia-de-corrientes-demoran-a-dos-personas-y-secuestran-una-motocicleta-que-habria-sido-robada-en-bs-as","status":"publish","type":"post","link":"https:\/\/revistaesperanzas.com\/web\/2025\/12\/policia-de-corrientes-demoran-a-dos-personas-y-secuestran-una-motocicleta-que-habria-sido-robada-en-bs-as\/","title":{"rendered":"POLIC\u00cdA DE CORRIENTES DEMORAN A DOS PERSONAS Y SECUESTRAN UNA MOTOCICLETA QUE HABR\u00cdA SIDO ROBADA EN BS.AS."},"content":{"rendered":"<p>MERCEDES\u00a0 &#8211;\u00a0 La polic\u00eda demoro a dos hombres y secuestro una motocicleta que aparentemente habr\u00eda sido sustra\u00edda en la Provincia de Buenos Aires.<\/p>\n<p>En la noche de ayer 29-12-25, efectivos policiales de la Comisaria de Distrito Primera de Mercedes, momentos en que realizaban recorridas de prevenci\u00f3n de il\u00edcitos en inmediaciones por calles J. Alfredo y Juan Pujol, divisan a dos personas que se encontraban agazapados en la oscuridad con una motocicleta.<\/p>\n<p>Por tal motivo a modo de prevenci\u00f3n, los mencionados efectivos procedieron a la identificaci\u00f3n y posterior demora de dos hombres de 18 a\u00f1os y 36 a\u00f1os de edad, adem\u00e1s del secuestro de una motocicleta -marca Honda modelo XR 150c.c-, de la cual no supieron justificar su propiedad y tras realizar las averiguaciones correspondientes resulto que pose\u00eda pedido de secuestro por parte de las autoridades de la Provincia de Buenos Aires, ya que aparentemente habr\u00eda sido sustra\u00edda.<\/p>\n<p>Al respecto estas personas junto a la motocicleta fueron puestas a disposici\u00f3n de la Justicia y trasladados hasta la citada dependencia policial donde se contin\u00faan con las diligencias de rigor.<\/p>\n","protected":false},"excerpt":{"rendered":"<p>MERCEDES\u00a0 &#8211;\u00a0 La polic\u00eda demoro a dos hombres y secuestro una motocicleta que aparentemente habr\u00eda sido sustra\u00edda en la Provincia de Buenos Aires. En la noche de ayer 29-12-25, efectivos policiales de la Comisaria de Distrito Primera de Mercedes, momentos en que realizaban recorridas de prevenci\u00f3n de il\u00edcitos en inmediaciones por calles J. Alfredo y [&hellip;]<\/p>\n","protected":false},"author":4,"featured_media":141598,"comment_status":"closed","ping_status":"closed","sticky":false,"template":"","format":"standard","meta":{"footnotes":""},"categories":[58],"tags":[],"class_list":{"0":"post-141597","1":"post","2":"type-post","3":"status-publish","4":"format-standard","5":"has-post-thumbnail","7":"category-corrientes"},"_links":{"self":[{"href":"https:\/\/revistaesperanzas.com\/web\/wp-json\/wp\/v2\/posts\/141597","targetHints":{"allow":["GET"]}}],"collection":[{"href":"https:\/\/revistaesperanzas.com\/web\/wp-json\/wp\/v2\/posts"}],"about":[{"href":"https:\/\/revistaesperanzas.com\/web\/wp-json\/wp\/v2\/types\/post"}],"author":[{"embeddable":true,"href":"https:\/\/revistaesperanzas.com\/web\/wp-json\/wp\/v2\/users\/4"}],"replies":[{"embeddable":true,"href":"https:\/\/revistaesperanzas.com\/web\/wp-json\/wp\/v2\/comments?post=141597"}],"version-history":[{"count":1,"href":"https:\/\/revistaesperanzas.com\/web\/wp-json\/wp\/v2\/posts\/141597\/revisions"}],"predecessor-version":[{"id":141599,"href":"https:\/\/revistaesperanzas.com\/web\/wp-json\/wp\/v2\/posts\/141597\/revisions\/141599"}],"wp:featuredmedia":[{"embeddable":true,"href":"https:\/\/revistaesperanzas.com\/web\/wp-json\/wp\/v2\/media\/141598"}],"wp:attachment":[{"href":"https:\/\/revistaesperanzas.com\/web\/wp-json\/wp\/v2\/media?parent=141597"}],"wp:term":[{"taxonomy":"category","embeddable":true,"href":"https:\/\/revistaesperanzas.com\/web\/wp-json\/wp\/v2\/categories?post=141597"},{"taxonomy":"post_tag","embeddable":true,"href":"https:\/\/revistaesperanzas.com\/web\/wp-json\/wp\/v2\/tags?post=141597"}],"curies":[{"name":"wp","href":"https:\/\/api.w.org\/{rel}","templated":true}]}}