{"id":141600,"date":"2025-12-31T10:35:30","date_gmt":"2025-12-31T13:35:30","guid":{"rendered":"https:\/\/revistaesperanzas.com\/web\/?p=141600"},"modified":"2025-12-31T10:35:30","modified_gmt":"2025-12-31T13:35:30","slug":"area-institucional-complejo-formativo-policial-santa-catalina-2","status":"publish","type":"post","link":"https:\/\/revistaesperanzas.com\/web\/2025\/12\/area-institucional-complejo-formativo-policial-santa-catalina-2\/","title":{"rendered":"AREA INSTITUCIONAL: COMPLEJO FORMATIVO POLICIAL \u201cSANTA CATALINA\u201d"},"content":{"rendered":"<p>Se llev\u00f3 a cabo una misa y la entrega de certificados a la 1\u00aa Promoci\u00f3n de Suboficiales que obtuvieron el t\u00edtulo de T\u00e9cnicos en Seguridad P\u00fablica y Ciudadana.<a href=\"https:\/\/revistaesperanzas.com\/web\/2025\/12\/area-institucional-complejo-formativo-policial-santa-catalina-2\/whatsapp-image-2025-12-30-at-06-53-21\/\" rel=\"attachment wp-att-141602\"><img loading=\"lazy\" decoding=\"async\" class=\" wp-image-141602 alignleft\" src=\"https:\/\/revistaesperanzas.com\/web\/wp-content\/uploads\/2025\/12\/WhatsApp-Image-2025-12-30-at-06.53.21.jpeg\" alt=\"\" width=\"499\" height=\"349\" srcset=\"https:\/\/revistaesperanzas.com\/web\/wp-content\/uploads\/2025\/12\/WhatsApp-Image-2025-12-30-at-06.53.21.jpeg 600w, https:\/\/revistaesperanzas.com\/web\/wp-content\/uploads\/2025\/12\/WhatsApp-Image-2025-12-30-at-06.53.21-100x70.jpeg 100w\" sizes=\"auto, (max-width: 499px) 100vw, 499px\" \/><\/a><\/p>\n<p>En la tarde de ayer 29-12-25, en las instalaciones del complejo Formativo Policial \u201cSanta Catalina\u201d, se realiz\u00f3 una misa en acci\u00f3n de gracias por la finalizaci\u00f3n de actividades del presente a\u00f1o y adem\u00e1s, la entrega de certificados a la 1\u00aa Promoci\u00f3n de Suboficiales que obtuvieron el t\u00edtulo de T\u00e9cnicos en Seguridad P\u00fablica y Ciudadana.<a href=\"https:\/\/revistaesperanzas.com\/web\/2025\/12\/area-institucional-complejo-formativo-policial-santa-catalina-2\/1-2\/\" rel=\"attachment wp-att-141603\"><img loading=\"lazy\" decoding=\"async\" class=\" wp-image-141603 aligncenter\" src=\"https:\/\/revistaesperanzas.com\/web\/wp-content\/uploads\/2025\/12\/1-1.jpg\" alt=\"\" width=\"690\" height=\"602\" srcset=\"https:\/\/revistaesperanzas.com\/web\/wp-content\/uploads\/2025\/12\/1-1.jpg 600w, https:\/\/revistaesperanzas.com\/web\/wp-content\/uploads\/2025\/12\/1-1-481x420.jpg 481w\" sizes=\"auto, (max-width: 690px) 100vw, 690px\" \/><\/a>El oficio religioso fue celebrado por el capell\u00e1n mayor de la instituci\u00f3n pbro. Guillermo Danuso acompa\u00f1ado de los dem\u00e1s capellanes, presb\u00edteros Ariel Caballero y Mario Lezcano.<\/p>\n<p>La ceremonia fue presidida por la Sra. Subsecretaria de Seguridad Lic. Ingrid Jetter a quien acompa\u00f1aba, el subjefe de Polic\u00eda Crio. Gral. Walter Dar\u00edo Aceval, el Subsecretario de Gobierno Dr. Luis Bravo, el Subsecretario de Seguridad Ciudadana Dr. Oscar Mart\u00ednez, y Directores Generales integrantes del Estado Mayor Policial; tras la celebraci\u00f3n de la eucarist\u00eda, se realiz\u00f3 la entrega de certificados a los 109 efectivos policiales, quienes recibieron el t\u00edtulo de T\u00e9cnicos en Seguridad P\u00fablica y Ciudadana.<a href=\"https:\/\/revistaesperanzas.com\/web\/2025\/12\/area-institucional-complejo-formativo-policial-santa-catalina-2\/2-2\/\" rel=\"attachment wp-att-141604\"><img loading=\"lazy\" decoding=\"async\" class=\"size-full wp-image-141604 aligncenter\" src=\"https:\/\/revistaesperanzas.com\/web\/wp-content\/uploads\/2025\/12\/2.jpg\" alt=\"\" width=\"1209\" height=\"837\" srcset=\"https:\/\/revistaesperanzas.com\/web\/wp-content\/uploads\/2025\/12\/2.jpg 1209w, https:\/\/revistaesperanzas.com\/web\/wp-content\/uploads\/2025\/12\/2-607x420.jpg 607w, https:\/\/revistaesperanzas.com\/web\/wp-content\/uploads\/2025\/12\/2-218x150.jpg 218w, https:\/\/revistaesperanzas.com\/web\/wp-content\/uploads\/2025\/12\/2-696x482.jpg 696w, https:\/\/revistaesperanzas.com\/web\/wp-content\/uploads\/2025\/12\/2-1068x739.jpg 1068w, https:\/\/revistaesperanzas.com\/web\/wp-content\/uploads\/2025\/12\/2-100x70.jpg 100w\" sizes=\"auto, (max-width: 1209px) 100vw, 1209px\" \/><\/a>Para finalizar primeramente se dirigi\u00f3 a los presentes el subjefe de Polic\u00eda y luego hizo lo propio la subsecretar\u00eda de seguridad, quienes coincidieron y resaltaron la importancia de la capacitaci\u00f3n en los distintos cuadros de la instituci\u00f3n policial.<\/p>\n","protected":false},"excerpt":{"rendered":"<p>Se llev\u00f3 a cabo una misa y la entrega de certificados a la 1\u00aa Promoci\u00f3n de Suboficiales que obtuvieron el t\u00edtulo de T\u00e9cnicos en Seguridad P\u00fablica y Ciudadana. En la tarde de ayer 29-12-25, en las instalaciones del complejo Formativo Policial \u201cSanta Catalina\u201d, se realiz\u00f3 una misa en acci\u00f3n de gracias por la finalizaci\u00f3n de [&hellip;]<\/p>\n","protected":false},"author":4,"featured_media":141601,"comment_status":"closed","ping_status":"closed","sticky":false,"template":"","format":"standard","meta":{"footnotes":""},"categories":[58],"tags":[],"class_list":{"0":"post-141600","1":"post","2":"type-post","3":"status-publish","4":"format-standard","5":"has-post-thumbnail","7":"category-corrientes"},"_links":{"self":[{"href":"https:\/\/revistaesperanzas.com\/web\/wp-json\/wp\/v2\/posts\/141600","targetHints":{"allow":["GET"]}}],"collection":[{"href":"https:\/\/revistaesperanzas.com\/web\/wp-json\/wp\/v2\/posts"}],"about":[{"href":"https:\/\/revistaesperanzas.com\/web\/wp-json\/wp\/v2\/types\/post"}],"author":[{"embeddable":true,"href":"https:\/\/revistaesperanzas.com\/web\/wp-json\/wp\/v2\/users\/4"}],"replies":[{"embeddable":true,"href":"https:\/\/revistaesperanzas.com\/web\/wp-json\/wp\/v2\/comments?post=141600"}],"version-history":[{"count":2,"href":"https:\/\/revistaesperanzas.com\/web\/wp-json\/wp\/v2\/posts\/141600\/revisions"}],"predecessor-version":[{"id":141606,"href":"https:\/\/revistaesperanzas.com\/web\/wp-json\/wp\/v2\/posts\/141600\/revisions\/141606"}],"wp:featuredmedia":[{"embeddable":true,"href":"https:\/\/revistaesperanzas.com\/web\/wp-json\/wp\/v2\/media\/141601"}],"wp:attachment":[{"href":"https:\/\/revistaesperanzas.com\/web\/wp-json\/wp\/v2\/media?parent=141600"}],"wp:term":[{"taxonomy":"category","embeddable":true,"href":"https:\/\/revistaesperanzas.com\/web\/wp-json\/wp\/v2\/categories?post=141600"},{"taxonomy":"post_tag","embeddable":true,"href":"https:\/\/revistaesperanzas.com\/web\/wp-json\/wp\/v2\/tags?post=141600"}],"curies":[{"name":"wp","href":"https:\/\/api.w.org\/{rel}","templated":true}]}}