{"id":141615,"date":"2025-12-31T21:39:08","date_gmt":"2026-01-01T00:39:08","guid":{"rendered":"https:\/\/revistaesperanzas.com\/web\/?p=141615"},"modified":"2025-12-31T21:39:08","modified_gmt":"2026-01-01T00:39:08","slug":"finalizacion-del-ano-2025","status":"publish","type":"post","link":"https:\/\/revistaesperanzas.com\/web\/2025\/12\/finalizacion-del-ano-2025\/","title":{"rendered":"FINALIZACI\u00d3N DEL A\u00d1O 2025"},"content":{"rendered":"<p style=\"font-weight: 400;\">\u201cEl anhelo es afianzar este modelo, este proyecto de ciudad, dimos pasos fundamentales, el desaf\u00edo ser mejores y juntos trabajar hacia adelante\u201d Asegur\u00f3 el Intendente Municipal<\/p>\n<p style=\"font-weight: 400;\">Mariano Hormaechea en declaraciones period\u00edsticas, analiz\u00f3 los logros alcanzados, plante\u00f3 los desaf\u00edos de la administraci\u00f3n municipal para el 2026, destacando el trabajo del equipo municipal, de los integrantes del espacio pol\u00edtico que lidera, reconociendo en el saludo el trabajo de la prensa, de los periodistas de los distintos medios de la ciudad.<a href=\"https:\/\/revistaesperanzas.com\/web\/2025\/12\/finalizacion-del-ano-2025\/ilustracion-fin-de-ano-intendente-con-los-medios-2\/\" rel=\"attachment wp-att-141617\"><img loading=\"lazy\" decoding=\"async\" class=\" wp-image-141617 aligncenter\" src=\"https:\/\/revistaesperanzas.com\/web\/wp-content\/uploads\/2025\/12\/ilustracion-Fin-de-Ano-Intendente-con-los-medios-2.jpg\" alt=\"\" width=\"695\" height=\"462\" \/><\/a><\/p>\n<p style=\"font-weight: 400;\">En el \u00faltimo d\u00eda h\u00e1bil del a\u00f1o 2025, el Intendente Mariano Hormaechea convers\u00f3 con varios medios period\u00edsticos para plantear los desaf\u00edos para el nuevo periodo al frente del Ejecutivo Municipal, reconociendo la confianza depositada por los vecinos para continuar hacia adelante con este proyecto a desarrollar<\/p>\n<p style=\"font-weight: 400;\">En el contacto con la prensa el Jefe Comunal valor\u00f3 el trabajo del gran equipo municipal, puso en la consideraci\u00f3n las metas, los objetivos con la hoja de ruta establecida en el Pacto Goya 2030<\/p>\n<p style=\"font-weight: 400;\">La charla con los periodistas adem\u00e1s sirvi\u00f3 para enviar saludos, mensajes y augurios de un excelente a\u00f1o 2026.<\/p>\n<p style=\"font-weight: 400;\">AGRADECIMIENTO A LOS VECINOS E INSTITUCIONES<\/p>\n<p style=\"font-weight: 400;\">El Primer Mandatario local, expres\u00f3: \u201cNosotros estamos agradecidos con los vecinos, con las instituciones que nos han ratificado, contribuido a la consolidaci\u00f3n de este proyecto para la ciudad, siendo un factor fundamental para cumplir con los compromisos se\u00f1alados, planteados a la ciudadan\u00eda<\/p>\n<p style=\"font-weight: 400;\">\u201cEl deseo es afianzar este proyecto, -admiti\u00f3 Hormaechea- dimos pasos fundamentales en los ejes de trabajo basados en la modernizaci\u00f3n, desarrollo e inclusi\u00f3n social con una mirada desde este cambio generacional que se da en el Gobierno de la Provincia, con la figura de un pol\u00edtico joven como es Juan Pablo Vald\u00e9s; viniendo de este espacio del rol del Intendente, afirmando todo lo hecho por Gustavo Vald\u00e9s, en la relaci\u00f3n con los municipios del interior, permitiendo una proyecci\u00f3n hacia adelante, ahora el anhelo es trazarnos metas para nuestra ciudad, como educaci\u00f3n, la industria, el comercio, el turismo, nuestra nueva terminal incluida en nuestra agenda, trabajaremos fuerte para conseguir estos objetivos.\u201d<a href=\"https:\/\/revistaesperanzas.com\/web\/2025\/12\/finalizacion-del-ano-2025\/ilustracion-fin-de-ano-intendente-con-los-medios-3\/\" rel=\"attachment wp-att-141618\"><img loading=\"lazy\" decoding=\"async\" class=\"wp-image-141618 alignleft\" src=\"https:\/\/revistaesperanzas.com\/web\/wp-content\/uploads\/2025\/12\/ilustracion-Fin-de-Ano-Intendente-con-los-medios-3.jpg\" alt=\"\" width=\"680\" height=\"452\" \/><\/a><\/p>\n<p style=\"font-weight: 400;\">NUEVA COSTANERA Y NUEVA TERMINAL<\/p>\n<p style=\"font-weight: 400;\">Consultado sobre las obras en la ciudad, resalt\u00f3 el Jefe Comunal: \u201cLa energ\u00eda est\u00e1 puesta en la Nueva Costanera, la semana pasada hemos estado hablando con el Gobernador (Juan Pablo Vald\u00e9s) sabemos que la transici\u00f3n nos demor\u00f3 en ese sentido, pero estamos focalizados en ese espacio, sin dudas-ratific\u00f3 el Intendente- la otra obra es la nueva terminal, sabemos de la decisi\u00f3n tomada de elegir la ubicaci\u00f3n, es un lugar moderno, adecuada al futuro y a la modernizaci\u00f3n necesaria para el crecimiento de Goya.\u201d<\/p>\n<p style=\"font-weight: 400;\">FINALIZACI\u00d3N DEL A\u00d1O Y BUENOS AUGURIOS<\/p>\n<p style=\"font-weight: 400;\">Para concluir en las charlas mantenidas con la prensa local, Mariano Hormaechea, se\u00f1al\u00f3: \u201cEstamos cerrando un a\u00f1o que es el cierre de los primeros 4 a\u00f1os de gesti\u00f3n, somos agradecidos a la ciudadan\u00eda, a los vecinos por esta confianza ratificada, en este reconocimiento a cada uno de los empleados municipales, a los integrantes de la fuerza pol\u00edtica para llevar un mensaje claro de la ciudad que proponemos, a cada familia, a cada vecino Feliz y Prospero A\u00f1o Nuevo, a juntar energ\u00edas para seguir juntos con el mayor desaf\u00edo a ser mejores, a la prensa, a los periodistas, sus familias por estar siempre difundiendo nuestras actividades, gracias Felices Fiestas, continuemos hacia adelante.\u201d<\/p>\n","protected":false},"excerpt":{"rendered":"<p>\u201cEl anhelo es afianzar este modelo, este proyecto de ciudad, dimos pasos fundamentales, el desaf\u00edo ser mejores y juntos trabajar hacia adelante\u201d Asegur\u00f3 el Intendente Municipal Mariano Hormaechea en declaraciones period\u00edsticas, analiz\u00f3 los logros alcanzados, plante\u00f3 los desaf\u00edos de la administraci\u00f3n municipal para el 2026, destacando el trabajo del equipo municipal, de los integrantes del [&hellip;]<\/p>\n","protected":false},"author":4,"featured_media":141616,"comment_status":"closed","ping_status":"closed","sticky":false,"template":"","format":"standard","meta":{"footnotes":""},"categories":[45],"tags":[],"class_list":{"0":"post-141615","1":"post","2":"type-post","3":"status-publish","4":"format-standard","5":"has-post-thumbnail","7":"category-locales"},"_links":{"self":[{"href":"https:\/\/revistaesperanzas.com\/web\/wp-json\/wp\/v2\/posts\/141615","targetHints":{"allow":["GET"]}}],"collection":[{"href":"https:\/\/revistaesperanzas.com\/web\/wp-json\/wp\/v2\/posts"}],"about":[{"href":"https:\/\/revistaesperanzas.com\/web\/wp-json\/wp\/v2\/types\/post"}],"author":[{"embeddable":true,"href":"https:\/\/revistaesperanzas.com\/web\/wp-json\/wp\/v2\/users\/4"}],"replies":[{"embeddable":true,"href":"https:\/\/revistaesperanzas.com\/web\/wp-json\/wp\/v2\/comments?post=141615"}],"version-history":[{"count":2,"href":"https:\/\/revistaesperanzas.com\/web\/wp-json\/wp\/v2\/posts\/141615\/revisions"}],"predecessor-version":[{"id":141620,"href":"https:\/\/revistaesperanzas.com\/web\/wp-json\/wp\/v2\/posts\/141615\/revisions\/141620"}],"wp:featuredmedia":[{"embeddable":true,"href":"https:\/\/revistaesperanzas.com\/web\/wp-json\/wp\/v2\/media\/141616"}],"wp:attachment":[{"href":"https:\/\/revistaesperanzas.com\/web\/wp-json\/wp\/v2\/media?parent=141615"}],"wp:term":[{"taxonomy":"category","embeddable":true,"href":"https:\/\/revistaesperanzas.com\/web\/wp-json\/wp\/v2\/categories?post=141615"},{"taxonomy":"post_tag","embeddable":true,"href":"https:\/\/revistaesperanzas.com\/web\/wp-json\/wp\/v2\/tags?post=141615"}],"curies":[{"name":"wp","href":"https:\/\/api.w.org\/{rel}","templated":true}]}}