{"id":141621,"date":"2025-12-31T21:46:25","date_gmt":"2026-01-01T00:46:25","guid":{"rendered":"https:\/\/revistaesperanzas.com\/web\/?p=141621"},"modified":"2025-12-31T21:46:25","modified_gmt":"2026-01-01T00:46:25","slug":"entrega-de-certificados-de-los-cursos-de-capacitacion-el-secretario-de-desarrollo-humano-julio-canteros-acompano-la-entrega-de-certificados","status":"publish","type":"post","link":"https:\/\/revistaesperanzas.com\/web\/2025\/12\/entrega-de-certificados-de-los-cursos-de-capacitacion-el-secretario-de-desarrollo-humano-julio-canteros-acompano-la-entrega-de-certificados\/","title":{"rendered":"ENTREGA DE CERTIFICADOS DE LOS CURSOS DE CAPACITACI\u00d3N: EL SECRETARIO DE DESARROLLO HUMANO JULIO CANTEROS ACOMPA\u00d1\u00d3 LA ENTREGA DE CERTIFICADOS"},"content":{"rendered":"<p style=\"font-weight: 400;\">Mujeres Emprendedoras<\/p>\n<p style=\"font-weight: 400;\">La ceremonia de entrega de los certificados de los talleres ofrecidos por el Grupo de Mujeres Emprendedoras, se realiz\u00f3 el martes 30 a las 20 horas, en el Sal\u00f3n de la Casa del Bicentenario, del acto junto al Secretario de Desarrollo Humano de la Municipalidad Julio Canteros, acompa\u00f1aron la responsable del Grupo de emprendedoras Mariela Soto; los talleristas, egresados y sus familiares<a href=\"https:\/\/revistaesperanzas.com\/web\/2025\/12\/entrega-de-certificados-de-los-cursos-de-capacitacion-el-secretario-de-desarrollo-humano-julio-canteros-acompano-la-entrega-de-certificados\/entrega-certificados-mujeres-emprendedoras-7-trabajos\/\" rel=\"attachment wp-att-141623\"><img loading=\"lazy\" decoding=\"async\" class=\" wp-image-141623 alignleft\" src=\"https:\/\/revistaesperanzas.com\/web\/wp-content\/uploads\/2025\/12\/entrega-certificados-mujeres-emprendedoras-7-trabajos.jpg\" alt=\"\" width=\"550\" height=\"366\" \/><\/a><\/p>\n<p style=\"font-weight: 400;\">Cerca de un centenar de egresados recibieron sus correspondientes certificados de participaci\u00f3n en los talleres de carpinter\u00eda r\u00fastica y b\u00e1sica; panificaci\u00f3n; costura; confecci\u00f3n de ropa interior masculina y femenina; arte decorativo; esmalte semipermanente; est\u00e9tica; mu\u00f1ecas Soft; blanqueria; marroquiner\u00eda y bordado de trajes de comparsas.<\/p>\n<p style=\"font-weight: 400;\">Cada una de estas capacitaciones fueron dictadas por talleristas en las sedes de las Bibliotecas \u201cMarta Elgul de Paris\u201d; Barrios del Sur, en los barrios Sargento Cabral; CGT; 9 de Julio y el Puerto, entre otros lugares.<\/p>\n<p style=\"font-weight: 400;\">La egresada Mar\u00eda del Rosario Silva agradeci\u00f3 la oportunidad brindada por \u201cLa Municipalidad de Goya, nos ayuda a aprender un oficio para mejorar nuestra econom\u00eda\u201d<a href=\"https:\/\/revistaesperanzas.com\/web\/2025\/12\/entrega-de-certificados-de-los-cursos-de-capacitacion-el-secretario-de-desarrollo-humano-julio-canteros-acompano-la-entrega-de-certificados\/entrega-certificados-mujeres-emprendedoras-3\/\" rel=\"attachment wp-att-141624\"><img loading=\"lazy\" decoding=\"async\" class=\" wp-image-141624 alignright\" src=\"https:\/\/revistaesperanzas.com\/web\/wp-content\/uploads\/2025\/12\/entrega-certificados-mujeres-emprendedoras-3.jpg\" alt=\"\" width=\"550\" height=\"385\" srcset=\"https:\/\/revistaesperanzas.com\/web\/wp-content\/uploads\/2025\/12\/entrega-certificados-mujeres-emprendedoras-3.jpg 600w, https:\/\/revistaesperanzas.com\/web\/wp-content\/uploads\/2025\/12\/entrega-certificados-mujeres-emprendedoras-3-100x70.jpg 100w\" sizes=\"auto, (max-width: 550px) 100vw, 550px\" \/><\/a><\/p>\n<p style=\"font-weight: 400;\">La responsable del Grupo de Mujeres Emprendedoras Mariela Soto, destac\u00f3 que estos espacios ayudan para \u201cAprender y Emprender\u201d<\/p>\n<p style=\"font-weight: 400;\">El Secretario de Desarrollo Humano Julio Canteros, puso en valor los espacios creados para la formaci\u00f3n, capacitaci\u00f3n, destacando la decisi\u00f3n del Intendente Mariano Hormaechea de \u201capoyar, desarrollar y fortalecer emprendimientos y a los emprendedores de Goya\u201d<\/p>\n<p style=\"font-weight: 400;\">Tras las palabras los egresados de los diferentes espacios de capacitaci\u00f3n, acompa\u00f1ados de los talleristas de cada curso recibieron sus respectivos certificados, una noche de gran emotividad al ser reconocidos en el esfuerzo y dedicaci\u00f3n para llegar a la finalizaci\u00f3n del recorrido de aprendizaje.<a href=\"https:\/\/revistaesperanzas.com\/web\/2025\/12\/entrega-de-certificados-de-los-cursos-de-capacitacion-el-secretario-de-desarrollo-humano-julio-canteros-acompano-la-entrega-de-certificados\/entrega-certificados-mujeres-emprendedoras-4\/\" rel=\"attachment wp-att-141625\"><img loading=\"lazy\" decoding=\"async\" class=\" wp-image-141625 alignleft\" src=\"https:\/\/revistaesperanzas.com\/web\/wp-content\/uploads\/2025\/12\/entrega-certificados-mujeres-emprendedoras-4.jpg\" alt=\"\" width=\"550\" height=\"366\" \/><\/a><\/p>\n<p style=\"font-weight: 400;\">Como muestra de lo cursado durante los talleres, los egresados exhibieron sus producciones en cada uno de los rubros, un \u00e1mbito apreciado por los presentes.<\/p>\n<p style=\"font-weight: 400;\">A modo de gratitud y reconocimiento por el espacio creado para el aprendizaje de un oficio, como un factor para emprender con esas creaciones, generando una fuente de ingreso, los egresados hicieron entrega de obsequios al Secretario de Desarrollo Humano Julio Canteros y a la impulsora de estos cursos Mariela Soto.<\/p>\n","protected":false},"excerpt":{"rendered":"<p>Mujeres Emprendedoras La ceremonia de entrega de los certificados de los talleres ofrecidos por el Grupo de Mujeres Emprendedoras, se realiz\u00f3 el martes 30 a las 20 horas, en el Sal\u00f3n de la Casa del Bicentenario, del acto junto al Secretario de Desarrollo Humano de la Municipalidad Julio Canteros, acompa\u00f1aron la responsable del Grupo de [&hellip;]<\/p>\n","protected":false},"author":4,"featured_media":141622,"comment_status":"closed","ping_status":"closed","sticky":false,"template":"","format":"standard","meta":{"footnotes":""},"categories":[45],"tags":[],"class_list":{"0":"post-141621","1":"post","2":"type-post","3":"status-publish","4":"format-standard","5":"has-post-thumbnail","7":"category-locales"},"_links":{"self":[{"href":"https:\/\/revistaesperanzas.com\/web\/wp-json\/wp\/v2\/posts\/141621","targetHints":{"allow":["GET"]}}],"collection":[{"href":"https:\/\/revistaesperanzas.com\/web\/wp-json\/wp\/v2\/posts"}],"about":[{"href":"https:\/\/revistaesperanzas.com\/web\/wp-json\/wp\/v2\/types\/post"}],"author":[{"embeddable":true,"href":"https:\/\/revistaesperanzas.com\/web\/wp-json\/wp\/v2\/users\/4"}],"replies":[{"embeddable":true,"href":"https:\/\/revistaesperanzas.com\/web\/wp-json\/wp\/v2\/comments?post=141621"}],"version-history":[{"count":2,"href":"https:\/\/revistaesperanzas.com\/web\/wp-json\/wp\/v2\/posts\/141621\/revisions"}],"predecessor-version":[{"id":141627,"href":"https:\/\/revistaesperanzas.com\/web\/wp-json\/wp\/v2\/posts\/141621\/revisions\/141627"}],"wp:featuredmedia":[{"embeddable":true,"href":"https:\/\/revistaesperanzas.com\/web\/wp-json\/wp\/v2\/media\/141622"}],"wp:attachment":[{"href":"https:\/\/revistaesperanzas.com\/web\/wp-json\/wp\/v2\/media?parent=141621"}],"wp:term":[{"taxonomy":"category","embeddable":true,"href":"https:\/\/revistaesperanzas.com\/web\/wp-json\/wp\/v2\/categories?post=141621"},{"taxonomy":"post_tag","embeddable":true,"href":"https:\/\/revistaesperanzas.com\/web\/wp-json\/wp\/v2\/tags?post=141621"}],"curies":[{"name":"wp","href":"https:\/\/api.w.org\/{rel}","templated":true}]}}