{"id":141628,"date":"2025-12-31T21:49:21","date_gmt":"2026-01-01T00:49:21","guid":{"rendered":"https:\/\/revistaesperanzas.com\/web\/?p=141628"},"modified":"2025-12-31T21:49:21","modified_gmt":"2026-01-01T00:49:21","slug":"carnavales-goyanos","status":"publish","type":"post","link":"https:\/\/revistaesperanzas.com\/web\/2025\/12\/carnavales-goyanos\/","title":{"rendered":"CARNAVALES GOYANOS"},"content":{"rendered":"<p style=\"font-weight: 400;\">El viernes 2 de enero del 2026 en la Costanera Norte, Playa El Inga se har\u00e1 la presentaci\u00f3n oficial de los carnavales goyanos, a las 20 horas<\/p>\n<p style=\"font-weight: 400;\">Se invita a la comunidad a participar de la mencionada presentaci\u00f3n donde se dar\u00e1n a conocer por parte de las autoridades municipales y representantes de las comparsas participantes de la Fiesta del Carnaval Goyano, los detalles de las lunas carnavaleras para esta edici\u00f3n.<\/p>\n<p style=\"font-weight: 400;\">En la oportunidad cada comparsa con un tiempo de 30 minutos presentar\u00e1 a sus figuras destacadas, reina, rey, bastoneras, pasistas y bater\u00eda para crear el ambiente adecuado a los carnavales de la ciudad.<\/p>\n<p style=\"font-weight: 400;\">Con acceso libre y gratuito se invita al p\u00fablico a concurrir con su silleta para disfrutar de ese momento, anticipando el esp\u00edritu carnavalero de la ciudad.<\/p>\n<p style=\"font-weight: 400;\">El cronograma fijado para la jornada es el siguiente:<\/p>\n<p style=\"font-weight: 400;\">20 y 30 horas: \u00a0Oh Bah\u00eda<\/p>\n<p style=\"font-weight: 400;\">21\u00a0\u00a0\u00a0\u00a0\u00a0\u00a0\u00a0\u00a0 horas: \u00a0Aymara<\/p>\n<p style=\"font-weight: 400;\">21 y 30 horas: \u00a0Arami<\/p>\n<p style=\"font-weight: 400;\">22\u00a0\u00a0\u00a0\u00a0\u00a0\u00a0\u00a0\u00a0 horas: \u00a0Tropical<\/p>\n<p style=\"font-weight: 400;\">22 y 30 horas:\u00a0 Poramba<\/p>\n<p style=\"font-weight: 400;\">23\u00a0\u00a0\u00a0\u00a0\u00a0\u00a0\u00a0\u00a0 horas: Ita Vera<\/p>\n<p style=\"font-weight: 400;\">La invitaci\u00f3n est\u00e1 cursada para el viernes a las 20 horas en Costanera Norte, Playa El Inga con entrada libre y gratuita anticipando las lunas carnavaleras de Goya, con la presencia de las 6 comparsas que animar\u00e1n la fiesta de Momo 2026.<\/p>\n","protected":false},"excerpt":{"rendered":"<p>El viernes 2 de enero del 2026 en la Costanera Norte, Playa El Inga se har\u00e1 la presentaci\u00f3n oficial de los carnavales goyanos, a las 20 horas Se invita a la comunidad a participar de la mencionada presentaci\u00f3n donde se dar\u00e1n a conocer por parte de las autoridades municipales y representantes de las comparsas participantes [&hellip;]<\/p>\n","protected":false},"author":4,"featured_media":141629,"comment_status":"closed","ping_status":"closed","sticky":false,"template":"","format":"standard","meta":{"footnotes":""},"categories":[45],"tags":[],"class_list":{"0":"post-141628","1":"post","2":"type-post","3":"status-publish","4":"format-standard","5":"has-post-thumbnail","7":"category-locales"},"_links":{"self":[{"href":"https:\/\/revistaesperanzas.com\/web\/wp-json\/wp\/v2\/posts\/141628","targetHints":{"allow":["GET"]}}],"collection":[{"href":"https:\/\/revistaesperanzas.com\/web\/wp-json\/wp\/v2\/posts"}],"about":[{"href":"https:\/\/revistaesperanzas.com\/web\/wp-json\/wp\/v2\/types\/post"}],"author":[{"embeddable":true,"href":"https:\/\/revistaesperanzas.com\/web\/wp-json\/wp\/v2\/users\/4"}],"replies":[{"embeddable":true,"href":"https:\/\/revistaesperanzas.com\/web\/wp-json\/wp\/v2\/comments?post=141628"}],"version-history":[{"count":1,"href":"https:\/\/revistaesperanzas.com\/web\/wp-json\/wp\/v2\/posts\/141628\/revisions"}],"predecessor-version":[{"id":141630,"href":"https:\/\/revistaesperanzas.com\/web\/wp-json\/wp\/v2\/posts\/141628\/revisions\/141630"}],"wp:featuredmedia":[{"embeddable":true,"href":"https:\/\/revistaesperanzas.com\/web\/wp-json\/wp\/v2\/media\/141629"}],"wp:attachment":[{"href":"https:\/\/revistaesperanzas.com\/web\/wp-json\/wp\/v2\/media?parent=141628"}],"wp:term":[{"taxonomy":"category","embeddable":true,"href":"https:\/\/revistaesperanzas.com\/web\/wp-json\/wp\/v2\/categories?post=141628"},{"taxonomy":"post_tag","embeddable":true,"href":"https:\/\/revistaesperanzas.com\/web\/wp-json\/wp\/v2\/tags?post=141628"}],"curies":[{"name":"wp","href":"https:\/\/api.w.org\/{rel}","templated":true}]}}