{"id":141631,"date":"2025-12-31T21:52:43","date_gmt":"2026-01-01T00:52:43","guid":{"rendered":"https:\/\/revistaesperanzas.com\/web\/?p=141631"},"modified":"2025-12-31T21:52:43","modified_gmt":"2026-01-01T00:52:43","slug":"augurios-de-un-prospero-2026","status":"publish","type":"post","link":"https:\/\/revistaesperanzas.com\/web\/2025\/12\/augurios-de-un-prospero-2026\/","title":{"rendered":"AUGURIOS DE UN PR\u00d3SPERO 2026"},"content":{"rendered":"<p style=\"font-weight: 400;\">El Departamento Ejecutivo Municipal, hace llegar un afectuoso saludo a nuestros vecinos del campo y la ciudad, dese\u00e1ndoles lo mejor en el a\u00f1o que comenzamos a transitar. Reconociendo haber cumplido objetivos y superado momentos y situaciones contribuyendo en equipo a lograr resultados de superaci\u00f3n, a las mujeres y hombres comprometidos con Goya.<\/p>\n<p style=\"font-weight: 400;\">A los equipos del municipio de las distintas \u00e1reas que cumplen con los servicios, trabajos y obras fundamentales de una Goya Hac\u00eda Adelante.<\/p>\n<p style=\"font-weight: 400;\">A cada una de las \u00e1reas del municipio, a los empleados que tienen puesta la camiseta de Goya, a los agentes municipales de la recolecci\u00f3n de residuos, barrido, servicio, PRODEGO, Luminotecnia, APS, acompa\u00f1ando en cada evento, cada convocatoria, Desarrollo Humano, Promoci\u00f3n Social, Acci\u00f3n Social, Tr\u00e1nsito, a las Secretar\u00edas de Gobierno; Hacienda; Educaci\u00f3n; Industria y Comercio; Modernizaci\u00f3n; Producci\u00f3n; Turismo; a cada direcci\u00f3n, coordinaci\u00f3n por el compromiso para estar junto al vecino, a las instituciones que brindan su servicio con una entrega y predisposici\u00f3n plena, los Bomberos Voluntarios, profesionales de la salud y personal del Hospital Regional \u201cDr. Camilo Muniagurria\u201d, del Hospital Pedi\u00e1trico \u201c\u00c1ngel de la Guarda\u201d, a la Polic\u00eda de la Provincia de Corrientes.<\/p>\n<p style=\"font-weight: 400;\">El Intendente Mariano Hormaechea en esta fecha hace llegar sus buenos deseos a las personas que cumplen su rol determinado, funciones en el Municipio de Goya, como as\u00ed tambi\u00e9n a aquellos que desde su instituci\u00f3n aportan su invalorable acompa\u00f1amiento para el desarrollo y crecimiento de Goya.<\/p>\n<p style=\"font-weight: 400;\">Los augurios de un pr\u00f3spero 2026<\/p>\n","protected":false},"excerpt":{"rendered":"<p>El Departamento Ejecutivo Municipal, hace llegar un afectuoso saludo a nuestros vecinos del campo y la ciudad, dese\u00e1ndoles lo mejor en el a\u00f1o que comenzamos a transitar. Reconociendo haber cumplido objetivos y superado momentos y situaciones contribuyendo en equipo a lograr resultados de superaci\u00f3n, a las mujeres y hombres comprometidos con Goya. A los equipos [&hellip;]<\/p>\n","protected":false},"author":4,"featured_media":141632,"comment_status":"closed","ping_status":"closed","sticky":false,"template":"","format":"standard","meta":{"footnotes":""},"categories":[45],"tags":[],"class_list":{"0":"post-141631","1":"post","2":"type-post","3":"status-publish","4":"format-standard","5":"has-post-thumbnail","7":"category-locales"},"_links":{"self":[{"href":"https:\/\/revistaesperanzas.com\/web\/wp-json\/wp\/v2\/posts\/141631","targetHints":{"allow":["GET"]}}],"collection":[{"href":"https:\/\/revistaesperanzas.com\/web\/wp-json\/wp\/v2\/posts"}],"about":[{"href":"https:\/\/revistaesperanzas.com\/web\/wp-json\/wp\/v2\/types\/post"}],"author":[{"embeddable":true,"href":"https:\/\/revistaesperanzas.com\/web\/wp-json\/wp\/v2\/users\/4"}],"replies":[{"embeddable":true,"href":"https:\/\/revistaesperanzas.com\/web\/wp-json\/wp\/v2\/comments?post=141631"}],"version-history":[{"count":1,"href":"https:\/\/revistaesperanzas.com\/web\/wp-json\/wp\/v2\/posts\/141631\/revisions"}],"predecessor-version":[{"id":141633,"href":"https:\/\/revistaesperanzas.com\/web\/wp-json\/wp\/v2\/posts\/141631\/revisions\/141633"}],"wp:featuredmedia":[{"embeddable":true,"href":"https:\/\/revistaesperanzas.com\/web\/wp-json\/wp\/v2\/media\/141632"}],"wp:attachment":[{"href":"https:\/\/revistaesperanzas.com\/web\/wp-json\/wp\/v2\/media?parent=141631"}],"wp:term":[{"taxonomy":"category","embeddable":true,"href":"https:\/\/revistaesperanzas.com\/web\/wp-json\/wp\/v2\/categories?post=141631"},{"taxonomy":"post_tag","embeddable":true,"href":"https:\/\/revistaesperanzas.com\/web\/wp-json\/wp\/v2\/tags?post=141631"}],"curies":[{"name":"wp","href":"https:\/\/api.w.org\/{rel}","templated":true}]}}